{"id":12167,"date":"2022-08-19T10:31:19","date_gmt":"2022-08-19T13:31:19","guid":{"rendered":"http:\/\/dgospel.com.br\/portal\/?p=12167"},"modified":"2022-08-19T10:31:20","modified_gmt":"2022-08-19T13:31:20","slug":"dimas-do-pl-faz-alianca-com-amastha-do-psb-partido-de-extrema-esquerda","status":"publish","type":"post","link":"https:\/\/dgospel.com.br\/portal\/index.php\/2022\/08\/19\/dimas-do-pl-faz-alianca-com-amastha-do-psb-partido-de-extrema-esquerda\/","title":{"rendered":"Dimas, do PL faz alian\u00e7a com Amastha, do PSB, partido de extrema esquerda"},"content":{"rendered":"\n<p>O candidato a governador da coliga\u00e7\u00e3o A Transforma\u00e7\u00e3o que o Tocantins Precisa, Ronaldo Dimas (PL), e o candidato a senador do PSB, partido de extrema esquerda, Carlos Amastha, confirmaram, em evento na noite desta quinta-feira, 18 de agosto, uma alian\u00e7a pol\u00edtica para as elei\u00e7\u00f5es de 2022. A grande reuni\u00e3o, que mobilizou centenas de eleitores, ocorreu no Jardim Aureny IV.<br>&nbsp;<br>\u201cEu sempre disse que n\u00e3o vou ser senador da Rep\u00fablica sem escolher o que acho melhor para o meu Estado. E aqui nesse palanque tenho uma palavra de ordem: eu voto em Ronaldo Dimas, o nosso pr\u00f3ximo governador\u201d, discursou Amastha, ao anunciar a presen\u00e7a do candidato a governador e afirmar que o Tocantins precisa de gest\u00e3o e o ex-prefeito de Aragua\u00edna \u00e9 a pessoa mais preparada para isso.<br>&nbsp;<br>Ex-prefeito de Palmas de 2013 a fevereiro de 2018, o candidato a senador enalteceu o trabalho de Dimas \u00e0 frente da Prefeitura de Aragua\u00edna (2013-2020), destacando que na \u00e9poca os dois travaram uma competi\u00e7\u00e3o muito favor\u00e1vel sobre quem entregava mais resultados para a popula\u00e7\u00e3o e melhorava a vida do povo. \u201cOlhem que disputa boa. Eu queria ser a \u00fanica estrela. Fazia tal coisa aqui, e o Ronaldo fazia tamb\u00e9m ou fazia melhor, l\u00e1. Uma disputa de quem beneficiava mais o povo\u201d, discursou, Amastha.<br>&nbsp;<br>Amastha disse que ele no Senado e Dimas no governo podem fazer muito em benef\u00edcio da popula\u00e7\u00e3o, ainda mais contando com o apoio do senador Eduardo Gomes (PL).<br>&nbsp;<br><strong>Dimas fala em fazer juntos pelo Tocantins<\/strong><br>J\u00e1 Ronaldo Dimas come\u00e7ou sua fala dizendo que a alian\u00e7a aponta \u201cnovos caminhos para o povo de Palmas e do Tocantins\u201d. Ele tamb\u00e9m falou da competi\u00e7\u00e3o muito saud\u00e1vel da \u00e9poca de prefeitos, ressaltando ter certeza que o maior vencedor do \u201cconfronto\u201d foi a popula\u00e7\u00e3o. \u201cEra uma disputa de quem faz mais para o povo. Agora queremos fazer juntos para todo o Tocantins\u201d, pontuou.<br>&nbsp;<br>Conforme Dimas, Eduardo Gomes tem sido um grande parceiro dos munic\u00edpios do Tocantins, trazendo milh\u00f5es de recursos que garantem investimentos. Ele falou que o time s\u00f3 tende a crescer com Amastha no Senado. \u201cImagina se temos junto dele um outro cara com essa experi\u00eancia. Se tem uma coisa que o Amastha soube fazer foi vender Palmas e Tocantins para o mundo inteiro, com grande qualidade e reconhecimento\u201d, salientou, ao dizer que o ex-prefeito de Palmas \u00e9 o melhor dos candidatos a senadores do Estado.<br>&nbsp;<br>\u201cQuero aqui dizer que vou l\u00e1 no dia 2 de outubro dar o voto certeiro em voc\u00ea, Amastha. Voc\u00ea \u00e9 o melhor candidato para o povo\u201d, reiterou Dimas.<br>&nbsp;<br><strong>Eduardo Gomes destaca importante da alian\u00e7a plural<\/strong><br>Coordenador da campanha de Dimas, Eduardo Gomes destacou que Amastha sempre o apoiou nas elei\u00e7\u00f5es para senador e contou com o seu respaldo na campanha vitoriosa de reelei\u00e7\u00e3o de 2016. Ele ressaltou que a alian\u00e7a anunciada \u00e9 plural e visa principalmente unir pessoas interessadas em transformar a realidade do Tocantins.<br>&nbsp;<br>\u201cEssa \u00e9 uma elei\u00e7\u00e3o plural. Uma elei\u00e7\u00e3o que vai exigir dos candidatos a senador aquilo que eles t\u00eam capacidade de fazer. N\u00e3o existe dupla melhor do que essa para o Estado do Tocantins\u201d, finalizou.<br>&nbsp;<br>Candidato a vice de Dimas, Freire J\u00fanior (MDB) tamb\u00e9m compareceu no evento.<\/p>\n","protected":false},"excerpt":{"rendered":"<p>O candidato a governador da coliga\u00e7\u00e3o A Transforma\u00e7\u00e3o que o Tocantins Precisa, Ronaldo Dimas (PL), e o candidato a senador do PSB, partido de extrema esquerda, Carlos Amastha, confirmaram, em evento na noite desta quinta-feira, 18 de agosto, uma alian\u00e7a pol\u00edtica para as elei\u00e7\u00f5es de 2022. A grande reuni\u00e3o, que mobilizou centenas de eleitores, ocorreu [&hellip;]<\/p>\n","protected":false},"author":2,"featured_media":12168,"comment_status":"open","ping_status":"open","sticky":false,"template":"","format":"standard","meta":[],"categories":[4],"tags":[],"_links":{"self":[{"href":"https:\/\/dgospel.com.br\/portal\/index.php\/wp-json\/wp\/v2\/posts\/12167"}],"collection":[{"href":"https:\/\/dgospel.com.br\/portal\/index.php\/wp-json\/wp\/v2\/posts"}],"about":[{"href":"https:\/\/dgospel.com.br\/portal\/index.php\/wp-json\/wp\/v2\/types\/post"}],"author":[{"embeddable":true,"href":"https:\/\/dgospel.com.br\/portal\/index.php\/wp-json\/wp\/v2\/users\/2"}],"replies":[{"embeddable":true,"href":"https:\/\/dgospel.com.br\/portal\/index.php\/wp-json\/wp\/v2\/comments?post=12167"}],"version-history":[{"count":1,"href":"https:\/\/dgospel.com.br\/portal\/index.php\/wp-json\/wp\/v2\/posts\/12167\/revisions"}],"predecessor-version":[{"id":12169,"href":"https:\/\/dgospel.com.br\/portal\/index.php\/wp-json\/wp\/v2\/posts\/12167\/revisions\/12169"}],"wp:featuredmedia":[{"embeddable":true,"href":"https:\/\/dgospel.com.br\/portal\/index.php\/wp-json\/wp\/v2\/media\/12168"}],"wp:attachment":[{"href":"https:\/\/dgospel.com.br\/portal\/index.php\/wp-json\/wp\/v2\/media?parent=12167"}],"wp:term":[{"taxonomy":"category","embeddable":true,"href":"https:\/\/dgospel.com.br\/portal\/index.php\/wp-json\/wp\/v2\/categories?post=12167"},{"taxonomy":"post_tag","embeddable":true,"href":"https:\/\/dgospel.com.br\/portal\/index.php\/wp-json\/wp\/v2\/tags?post=12167"}],"curies":[{"name":"wp","href":"https:\/\/api.w.org\/{rel}","templated":true}]}}