{"id":12173,"date":"2022-08-22T11:50:33","date_gmt":"2022-08-22T14:50:33","guid":{"rendered":"http:\/\/dgospel.com.br\/portal\/?p=12173"},"modified":"2022-08-22T11:50:35","modified_gmt":"2022-08-22T14:50:35","slug":"comicio-de-lula-teve-cerca-de-10-mil-pessoas-pt-esperava-100-mil","status":"publish","type":"post","link":"https:\/\/dgospel.com.br\/portal\/index.php\/2022\/08\/22\/comicio-de-lula-teve-cerca-de-10-mil-pessoas-pt-esperava-100-mil\/","title":{"rendered":"Com\u00edcio de Lula teve cerca de 10 mil pessoas; PT esperava 100 mil"},"content":{"rendered":"\n<p>O com\u00edcio do ex-presidente e candidato ao Pal\u00e1cio do Planalto, Luiz In\u00e1cio Lula da Silva (PT), no Vale do Anhangaba\u00fa, no centro da cidade de S\u00e3o Paulo, reuniu menos militantes do que o esperado pela legenda neste s\u00e1bado (20), fato que confirmou o temor do comando da campanha presidencial petista.<\/p>\n\n\n\n<p>Havia receio de que o espa\u00e7o, muito amplo, n\u00e3o ficasse cheio o suficiente para dar demonstra\u00e7\u00e3o de for\u00e7a pol\u00edtica na capital paulista.\u00a0<a href=\"https:\/\/pleno.news\/brasil\/eleicoes-2022\/web-ironiza-comicio-frustrado-de-lula-com-pouco-publico.html\">O n\u00famero de pessoas ficou bem abaixo daquele que foi projetado pela legenda<\/a>.<\/p>\n\n\n\n<p>De acordo com dados do grupo de pesquisa \u201cMonitor do Debate Pol\u00edtico no Meio Digital\u201d, da USP, o ato pol\u00edtico reuniu 9.580 pessoas durante o pico, que ocorreu por volta das 13h20.<\/p>\n\n\n\n<p>A concentra\u00e7\u00e3o do p\u00fablico estava marcada para \u00e0s 11h. Ao meio-dia e meia, eram 6.187 pessoas no local, ainda de acordo com dados do medidor publicados no jornal O Globo.<\/p>\n\n\n\n<p>A avalia\u00e7\u00e3o da estimativa de p\u00fablico foi dos pesquisadores Pablo Ortellado e M\u00e1rcio Moretto. A pesquisa utilizou um algoritmo para dividir uma imagem a\u00e9rea de alta qualidade em 8 partes. \u201cA precis\u00e3o do algoritmo \u00e9 de 84,5% e a acur\u00e1cia de 80,1%.\u201d<\/p>\n\n\n\n<p>O PT havia informado \u00e0 Prefeitura de S\u00e3o Paulo que eram esperados 100 mil apoiadores no com\u00edcio deste s\u00e1bado. Segundo a sigla, inclusive, 70 mil apoiadores teriam comparecido, n\u00famero que n\u00e3o representa as imagens do evento.<\/p>\n","protected":false},"excerpt":{"rendered":"<p>O com\u00edcio do ex-presidente e candidato ao Pal\u00e1cio do Planalto, Luiz In\u00e1cio Lula da Silva (PT), no Vale do Anhangaba\u00fa, no centro da cidade de S\u00e3o Paulo, reuniu menos militantes do que o esperado pela legenda neste s\u00e1bado (20), fato que confirmou o temor do comando da campanha presidencial petista. Havia receio de que o [&hellip;]<\/p>\n","protected":false},"author":2,"featured_media":12174,"comment_status":"open","ping_status":"open","sticky":false,"template":"","format":"standard","meta":[],"categories":[4],"tags":[],"_links":{"self":[{"href":"https:\/\/dgospel.com.br\/portal\/index.php\/wp-json\/wp\/v2\/posts\/12173"}],"collection":[{"href":"https:\/\/dgospel.com.br\/portal\/index.php\/wp-json\/wp\/v2\/posts"}],"about":[{"href":"https:\/\/dgospel.com.br\/portal\/index.php\/wp-json\/wp\/v2\/types\/post"}],"author":[{"embeddable":true,"href":"https:\/\/dgospel.com.br\/portal\/index.php\/wp-json\/wp\/v2\/users\/2"}],"replies":[{"embeddable":true,"href":"https:\/\/dgospel.com.br\/portal\/index.php\/wp-json\/wp\/v2\/comments?post=12173"}],"version-history":[{"count":1,"href":"https:\/\/dgospel.com.br\/portal\/index.php\/wp-json\/wp\/v2\/posts\/12173\/revisions"}],"predecessor-version":[{"id":12175,"href":"https:\/\/dgospel.com.br\/portal\/index.php\/wp-json\/wp\/v2\/posts\/12173\/revisions\/12175"}],"wp:featuredmedia":[{"embeddable":true,"href":"https:\/\/dgospel.com.br\/portal\/index.php\/wp-json\/wp\/v2\/media\/12174"}],"wp:attachment":[{"href":"https:\/\/dgospel.com.br\/portal\/index.php\/wp-json\/wp\/v2\/media?parent=12173"}],"wp:term":[{"taxonomy":"category","embeddable":true,"href":"https:\/\/dgospel.com.br\/portal\/index.php\/wp-json\/wp\/v2\/categories?post=12173"},{"taxonomy":"post_tag","embeddable":true,"href":"https:\/\/dgospel.com.br\/portal\/index.php\/wp-json\/wp\/v2\/tags?post=12173"}],"curies":[{"name":"wp","href":"https:\/\/api.w.org\/{rel}","templated":true}]}}