{"id":12176,"date":"2022-08-22T11:55:35","date_gmt":"2022-08-22T14:55:35","guid":{"rendered":"http:\/\/dgospel.com.br\/portal\/?p=12176"},"modified":"2022-08-22T11:55:36","modified_gmt":"2022-08-22T14:55:36","slug":"web-ironiza-comicio-frustrado-de-lula-com-pouco-publico","status":"publish","type":"post","link":"https:\/\/dgospel.com.br\/portal\/index.php\/2022\/08\/22\/web-ironiza-comicio-frustrado-de-lula-com-pouco-publico\/","title":{"rendered":"Web ironiza \u201ccom\u00edcio frustrado\u201d de Lula com pouco p\u00fablico"},"content":{"rendered":"\n<figure class=\"wp-block-image\"><img src=\"https:\/\/static.cdn.pleno.news\/2022\/08\/008.png\" alt=\"Web ironiza \" title=\"Web ironiza \"\/><figcaption>Web ironiza &#8220;com\u00edcio frustrado&#8221; de Lula com pouco p\u00fablico&nbsp;\/ Foto: Reprodu\u00e7\u00e3o\/Prints de publica\u00e7\u00f5es nas redes sociais<\/figcaption><\/figure>\n\n\n\n<figure class=\"wp-block-image\"><img src=\"https:\/\/static.cdn.pleno.news\/2022\/08\/001-1.png\" alt=\"Web ironiza \" title=\"Web ironiza \"\/><figcaption>Web ironiza &#8220;com\u00edcio frustrado&#8221; de Lula com pouco p\u00fablico&nbsp;\/ Foto: Reprodu\u00e7\u00e3o\/Prints de publica\u00e7\u00f5es nas redes sociais<\/figcaption><\/figure>\n\n\n\n<figure class=\"wp-block-image\"><img src=\"https:\/\/static.cdn.pleno.news\/2022\/08\/010.png\" alt=\"Web ironiza \" title=\"Web ironiza \"\/><figcaption>Web ironiza &#8220;com\u00edcio frustrado&#8221; de Lula com pouco p\u00fablico&nbsp;\/ Foto: Reprodu\u00e7\u00e3o\/Prints de publica\u00e7\u00f5es nas redes sociais<\/figcaption><\/figure>\n\n\n\n<figure class=\"wp-block-image\"><img src=\"https:\/\/static.cdn.pleno.news\/2022\/08\/009.png\" alt=\"Web ironiza \" title=\"Web ironiza \"\/><figcaption>Web ironiza &#8220;com\u00edcio frustrado&#8221; de Lula com pouco p\u00fablico&nbsp;\/ Foto: Reprodu\u00e7\u00e3o\/Prints de publica\u00e7\u00f5es nas redes sociais<\/figcaption><\/figure>\n\n\n\n<figure class=\"wp-block-image\"><img src=\"https:\/\/static.cdn.pleno.news\/2022\/08\/007.png\" alt=\"Web ironiza \" title=\"Web ironiza \"\/><figcaption>Web ironiza &#8220;com\u00edcio frustrado&#8221; de Lula com pouco p\u00fablico&nbsp;\/ Foto: Reprodu\u00e7\u00e3o\/Prints de publica\u00e7\u00f5es nas redes sociais<\/figcaption><\/figure>\n\n\n\n<figure class=\"wp-block-image\"><img src=\"https:\/\/static.cdn.pleno.news\/2022\/08\/006-1.png\" alt=\"Web ironiza \" title=\"Web ironiza \"\/><figcaption>Web ironiza &#8220;com\u00edcio frustrado&#8221; de Lula com pouco p\u00fablico&nbsp;\/ Foto: Reprodu\u00e7\u00e3o\/Prints de publica\u00e7\u00f5es nas redes sociais<\/figcaption><\/figure>\n\n\n\n<figure class=\"wp-block-image\"><img src=\"https:\/\/static.cdn.pleno.news\/2022\/08\/005-1.png\" alt=\"Web ironiza \" title=\"Web ironiza \"\/><figcaption>Web ironiza &#8220;com\u00edcio frustrado&#8221; de Lula com pouco p\u00fablico&nbsp;\/ Foto: Reprodu\u00e7\u00e3o\/Prints de publica\u00e7\u00f5es nas redes sociais<\/figcaption><\/figure>\n\n\n\n<figure class=\"wp-block-image\"><img src=\"https:\/\/static.cdn.pleno.news\/2022\/08\/004-1.png\" alt=\"Web ironiza \" title=\"Web ironiza \"\/><figcaption>Web ironiza &#8220;com\u00edcio frustrado&#8221; de Lula com pouco p\u00fablico&nbsp;\/ Foto: Reprodu\u00e7\u00e3o\/Prints de publica\u00e7\u00f5es nas redes sociais<\/figcaption><\/figure>\n\n\n\n<figure class=\"wp-block-image\"><img src=\"https:\/\/static.cdn.pleno.news\/2022\/08\/000-1.png\" alt=\"Web ironiza \" title=\"Web ironiza \"\/><figcaption>Web ironiza &#8220;com\u00edcio frustrado&#8221; de Lula com pouco p\u00fablico&nbsp;\/ Foto: Reprodu\u00e7\u00e3o\/Prints de publica\u00e7\u00f5es nas redes sociais<\/figcaption><\/figure>\n\n\n\n<figure class=\"wp-block-image\"><img src=\"https:\/\/static.cdn.pleno.news\/2022\/08\/003-1.png\" alt=\"Web ironiza \" title=\"Web ironiza \"\/><figcaption>Web ironiza &#8220;com\u00edcio frustrado&#8221; de Lula com pouco p\u00fablico&nbsp;\/ Foto: Reprodu\u00e7\u00e3o\/Prints de publica\u00e7\u00f5es nas redes sociais<\/figcaption><\/figure>\n\n\n\n<figure class=\"wp-block-image\"><img src=\"https:\/\/static.cdn.pleno.news\/2022\/08\/002-1.png\" alt=\"Web ironiza \" title=\"Web ironiza \"\/><figcaption>Web ironiza &#8220;com\u00edcio frustrado&#8221; de Lula com pouco p\u00fablico&nbsp;\/ Foto: Reprodu\u00e7\u00e3o\/Prints de publica\u00e7\u00f5es nas redes sociais<\/figcaption><\/figure>\n\n\n\n<p>Neste s\u00e1bado (21), o ex-presidente Luiz In\u00e1cio Lula da Silva realizou um com\u00edcio no Vale do Anhangaba\u00fa, em S\u00e3o Paulo (SP). De acordo com o site Poder 360, o evento do PT contou com baixo p\u00fablico, o que levou usu\u00e1rios de redes sociais a ironizarem o ato.<\/p>\n\n\n\n<p>O site contabilizou cerca de 4.200 pessoas presentes no com\u00edcio de Lula, enquanto a campanha do petista falou em n\u00famero menos modestos, cerca de 70 mil pessoas. J\u00e1 um grupo de pesquisa da Universidade de S\u00e3o Paulo (USP) contabilizou, no in\u00edcio da tarde, que o pico de pessoas do evento foi de 9.580 pessoas.<\/p>\n\n\n\n<p>Os n\u00fameros levaram usu\u00e1rios de redes sociais a compararem os atos do petista com os atos de apoio ao presidente Jair Bolsonaro.<\/p>\n\n\n\n<p>Alguns tamb\u00e9m criticaram os n\u00fameros \u201cexagerados\u201d que foram divulgados pelo PT.<\/p>\n","protected":false},"excerpt":{"rendered":"<p>Neste s\u00e1bado (21), o ex-presidente Luiz In\u00e1cio Lula da Silva realizou um com\u00edcio no Vale do Anhangaba\u00fa, em S\u00e3o Paulo (SP). De acordo com o site Poder 360, o evento do PT contou com baixo p\u00fablico, o que levou usu\u00e1rios de redes sociais a ironizarem o ato. O site contabilizou cerca de 4.200 pessoas presentes [&hellip;]<\/p>\n","protected":false},"author":2,"featured_media":12177,"comment_status":"open","ping_status":"open","sticky":false,"template":"","format":"standard","meta":[],"categories":[10],"tags":[],"_links":{"self":[{"href":"https:\/\/dgospel.com.br\/portal\/index.php\/wp-json\/wp\/v2\/posts\/12176"}],"collection":[{"href":"https:\/\/dgospel.com.br\/portal\/index.php\/wp-json\/wp\/v2\/posts"}],"about":[{"href":"https:\/\/dgospel.com.br\/portal\/index.php\/wp-json\/wp\/v2\/types\/post"}],"author":[{"embeddable":true,"href":"https:\/\/dgospel.com.br\/portal\/index.php\/wp-json\/wp\/v2\/users\/2"}],"replies":[{"embeddable":true,"href":"https:\/\/dgospel.com.br\/portal\/index.php\/wp-json\/wp\/v2\/comments?post=12176"}],"version-history":[{"count":1,"href":"https:\/\/dgospel.com.br\/portal\/index.php\/wp-json\/wp\/v2\/posts\/12176\/revisions"}],"predecessor-version":[{"id":12178,"href":"https:\/\/dgospel.com.br\/portal\/index.php\/wp-json\/wp\/v2\/posts\/12176\/revisions\/12178"}],"wp:featuredmedia":[{"embeddable":true,"href":"https:\/\/dgospel.com.br\/portal\/index.php\/wp-json\/wp\/v2\/media\/12177"}],"wp:attachment":[{"href":"https:\/\/dgospel.com.br\/portal\/index.php\/wp-json\/wp\/v2\/media?parent=12176"}],"wp:term":[{"taxonomy":"category","embeddable":true,"href":"https:\/\/dgospel.com.br\/portal\/index.php\/wp-json\/wp\/v2\/categories?post=12176"},{"taxonomy":"post_tag","embeddable":true,"href":"https:\/\/dgospel.com.br\/portal\/index.php\/wp-json\/wp\/v2\/tags?post=12176"}],"curies":[{"name":"wp","href":"https:\/\/api.w.org\/{rel}","templated":true}]}}