{"id":12179,"date":"2022-08-22T12:31:23","date_gmt":"2022-08-22T15:31:23","guid":{"rendered":"http:\/\/dgospel.com.br\/portal\/?p=12179"},"modified":"2022-08-22T12:31:49","modified_gmt":"2022-08-22T15:31:49","slug":"pastor-da-igreja-batista-central-de-araguaina-declara-apoio-a-reeleicao-do-governador-wanderlei","status":"publish","type":"post","link":"https:\/\/dgospel.com.br\/portal\/index.php\/2022\/08\/22\/pastor-da-igreja-batista-central-de-araguaina-declara-apoio-a-reeleicao-do-governador-wanderlei\/","title":{"rendered":"Pastor da Igreja Batista Central de Aragua\u00edna declara apoio \u00e0 reelei\u00e7\u00e3o do governador Wanderlei"},"content":{"rendered":"\n<p>O governador Wanderlei Barbosa (Republicanos) recebeu nesta sexta-feira, 19, o apoio do pastor Edvaldo Ara\u00fajo de Sousa, da Igreja Batista Central de Aragua\u00edna, diretor do Semin\u00e1rio Teol\u00f3gico do Tocantins e vice-presidente da Ordem dos Pastores Batistas do Estado. A declara\u00e7\u00e3o foi feita por meio de carta.&nbsp; \u201cSonhamos e queremos muito mais. Queremos transforma\u00e7\u00e3o, advinda de uma boa pol\u00edtica educacional, uma cultura de paz e justi\u00e7a verdadeiras, vida em abund\u00e2ncia, cuidado com a natureza\u201d, diz trecho do documento, que tamb\u00e9m declara apoio a \u00c2ngela Maria (UB) para a C\u00e2mara e Dorinha Seabra (UB) para o Senado.<\/p>\n\n\n\n<p><strong>Gratid\u00e3o<\/strong><\/p>\n\n\n\n<p>Wanderlei Barbosa disse ter ficado \u201cgrato\u201d com a declara\u00e7\u00e3o de apoio do l\u00edder religioso. \u201cRecebi com muita alegria e gratid\u00e3o. Esse apoio aumenta ainda mais a nossa responsabilidade. O pastor Edivaldo \u00e9 uma lideran\u00e7a religiosa muito importante em Aragua\u00edna e em todo o Tocantins. Esse voto de confian\u00e7a ser\u00e1 retribu\u00eddo com muito trabalho, para melhorar cada vez mais a vida dos tocantinenses\u201d, garantiu.<\/p>\n\n\n\n<p><\/p>\n\n\n\n<p>Fonte: clebertoledo<\/p>\n","protected":false},"excerpt":{"rendered":"<p>O governador Wanderlei Barbosa (Republicanos) recebeu nesta sexta-feira, 19, o apoio do pastor Edvaldo Ara\u00fajo de Sousa, da Igreja Batista Central de Aragua\u00edna, diretor do Semin\u00e1rio Teol\u00f3gico do Tocantins e vice-presidente da Ordem dos Pastores Batistas do Estado. A declara\u00e7\u00e3o foi feita por meio de carta.&nbsp; \u201cSonhamos e queremos muito mais. Queremos transforma\u00e7\u00e3o, advinda de [&hellip;]<\/p>\n","protected":false},"author":2,"featured_media":12180,"comment_status":"open","ping_status":"open","sticky":false,"template":"","format":"standard","meta":[],"categories":[4],"tags":[13],"_links":{"self":[{"href":"https:\/\/dgospel.com.br\/portal\/index.php\/wp-json\/wp\/v2\/posts\/12179"}],"collection":[{"href":"https:\/\/dgospel.com.br\/portal\/index.php\/wp-json\/wp\/v2\/posts"}],"about":[{"href":"https:\/\/dgospel.com.br\/portal\/index.php\/wp-json\/wp\/v2\/types\/post"}],"author":[{"embeddable":true,"href":"https:\/\/dgospel.com.br\/portal\/index.php\/wp-json\/wp\/v2\/users\/2"}],"replies":[{"embeddable":true,"href":"https:\/\/dgospel.com.br\/portal\/index.php\/wp-json\/wp\/v2\/comments?post=12179"}],"version-history":[{"count":2,"href":"https:\/\/dgospel.com.br\/portal\/index.php\/wp-json\/wp\/v2\/posts\/12179\/revisions"}],"predecessor-version":[{"id":12183,"href":"https:\/\/dgospel.com.br\/portal\/index.php\/wp-json\/wp\/v2\/posts\/12179\/revisions\/12183"}],"wp:featuredmedia":[{"embeddable":true,"href":"https:\/\/dgospel.com.br\/portal\/index.php\/wp-json\/wp\/v2\/media\/12180"}],"wp:attachment":[{"href":"https:\/\/dgospel.com.br\/portal\/index.php\/wp-json\/wp\/v2\/media?parent=12179"}],"wp:term":[{"taxonomy":"category","embeddable":true,"href":"https:\/\/dgospel.com.br\/portal\/index.php\/wp-json\/wp\/v2\/categories?post=12179"},{"taxonomy":"post_tag","embeddable":true,"href":"https:\/\/dgospel.com.br\/portal\/index.php\/wp-json\/wp\/v2\/tags?post=12179"}],"curies":[{"name":"wp","href":"https:\/\/api.w.org\/{rel}","templated":true}]}}