{"id":12195,"date":"2022-08-22T23:30:22","date_gmt":"2022-08-23T02:30:22","guid":{"rendered":"http:\/\/dgospel.com.br\/portal\/?p=12195"},"modified":"2022-08-22T23:30:23","modified_gmt":"2022-08-23T02:30:23","slug":"vanderlei-luxemburgo-pede-impugnacao-da-candidatura-de-carlos-amastha-ao-senado","status":"publish","type":"post","link":"https:\/\/dgospel.com.br\/portal\/index.php\/2022\/08\/22\/vanderlei-luxemburgo-pede-impugnacao-da-candidatura-de-carlos-amastha-ao-senado\/","title":{"rendered":"Vanderlei Luxemburgo pede impugna\u00e7\u00e3o da candidatura de Carlos Amastha ao Senado"},"content":{"rendered":"\n<p>O ex-t\u00e9cnico Vanderlei Luxemburgo acionou a Justi\u00e7a com um pedido de impugna\u00e7\u00e3o da candidatura de Carlos Amastha (PSB-TO) ao Senado. O abriu um processo porque, no in\u00edcio do m\u00eas, seu nome foi&nbsp;<a href=\"https:\/\/pleno.news\/brasil\/politica-nacional\/candidatura-de-luxemburgo-cai-para-psb-lancar-ex-prefeito.html\" target=\"_blank\" rel=\"noreferrer noopener\">reprovado<\/a>&nbsp;pelo diret\u00f3rio estadual para ser o candidato do PSB ao Senado. As informa\u00e7\u00f5es s\u00e3o do portal UOL.<\/p>\n\n\n\n<p>O pedido de Luxemburgo foi apresentado ao Tribunal Regional Eleitoral do Tocantins pelo advogado Vin\u00edcius Tundela.<\/p>\n\n\n\n<p>Outros dois pedidos contra a candidatura de Amastha foram recebidos pela Justi\u00e7a Eleitoral por conta de den\u00fancias sobre supostas irregularidades que teriam sido cometidas quando ele exerceu o cargo de prefeito de Palmas, no Tocantins.<\/p>\n\n\n\n<p>No domingo (21), a Justi\u00e7a Eleitoral determinou que Carlos Amastha tem o prazo de sete dias para se defender das acusa\u00e7\u00f5es.<\/p>\n\n\n\n<p>Fonte: pleno.news<\/p>\n","protected":false},"excerpt":{"rendered":"<p>O ex-t\u00e9cnico Vanderlei Luxemburgo acionou a Justi\u00e7a com um pedido de impugna\u00e7\u00e3o da candidatura de Carlos Amastha (PSB-TO) ao Senado. O abriu um processo porque, no in\u00edcio do m\u00eas, seu nome foi&nbsp;reprovado&nbsp;pelo diret\u00f3rio estadual para ser o candidato do PSB ao Senado. As informa\u00e7\u00f5es s\u00e3o do portal UOL. O pedido de Luxemburgo foi apresentado ao [&hellip;]<\/p>\n","protected":false},"author":2,"featured_media":12196,"comment_status":"open","ping_status":"open","sticky":false,"template":"","format":"standard","meta":[],"categories":[5],"tags":[],"_links":{"self":[{"href":"https:\/\/dgospel.com.br\/portal\/index.php\/wp-json\/wp\/v2\/posts\/12195"}],"collection":[{"href":"https:\/\/dgospel.com.br\/portal\/index.php\/wp-json\/wp\/v2\/posts"}],"about":[{"href":"https:\/\/dgospel.com.br\/portal\/index.php\/wp-json\/wp\/v2\/types\/post"}],"author":[{"embeddable":true,"href":"https:\/\/dgospel.com.br\/portal\/index.php\/wp-json\/wp\/v2\/users\/2"}],"replies":[{"embeddable":true,"href":"https:\/\/dgospel.com.br\/portal\/index.php\/wp-json\/wp\/v2\/comments?post=12195"}],"version-history":[{"count":1,"href":"https:\/\/dgospel.com.br\/portal\/index.php\/wp-json\/wp\/v2\/posts\/12195\/revisions"}],"predecessor-version":[{"id":12197,"href":"https:\/\/dgospel.com.br\/portal\/index.php\/wp-json\/wp\/v2\/posts\/12195\/revisions\/12197"}],"wp:featuredmedia":[{"embeddable":true,"href":"https:\/\/dgospel.com.br\/portal\/index.php\/wp-json\/wp\/v2\/media\/12196"}],"wp:attachment":[{"href":"https:\/\/dgospel.com.br\/portal\/index.php\/wp-json\/wp\/v2\/media?parent=12195"}],"wp:term":[{"taxonomy":"category","embeddable":true,"href":"https:\/\/dgospel.com.br\/portal\/index.php\/wp-json\/wp\/v2\/categories?post=12195"},{"taxonomy":"post_tag","embeddable":true,"href":"https:\/\/dgospel.com.br\/portal\/index.php\/wp-json\/wp\/v2\/tags?post=12195"}],"curies":[{"name":"wp","href":"https:\/\/api.w.org\/{rel}","templated":true}]}}