{"id":12199,"date":"2022-08-22T23:41:12","date_gmt":"2022-08-23T02:41:12","guid":{"rendered":"http:\/\/dgospel.com.br\/portal\/?p=12199"},"modified":"2022-08-22T23:42:25","modified_gmt":"2022-08-23T02:42:25","slug":"governador-wanderlei-barbosa-participa-de-congresso-da-assembleia-de-deus-ciadseta-em-palmas","status":"publish","type":"post","link":"https:\/\/dgospel.com.br\/portal\/index.php\/2022\/08\/22\/governador-wanderlei-barbosa-participa-de-congresso-da-assembleia-de-deus-ciadseta-em-palmas\/","title":{"rendered":"Governador Wanderlei Barbosa participa de congresso da Assembleia de Deus CIADSETA em Palmas"},"content":{"rendered":"\n<p>O governador e candidato \u00e0 reelei\u00e7\u00e3o&nbsp;Wanderlei Barbosa (Republicanos) participou neste domingo (21) do congresso \u201cC\u00edrculo de Ora\u00e7\u00e3o Resposta do Alto\u201d, realizado na Assembleia de Deus &#8211; Ciadseta\/CGADB, em Palmas. Ele estava acompanhado da candidata ao Senado, Professora Dorinha (UB).<\/p>\n\n\n\n<p>O evento comemora o 31\u00ba Congresso de Ora\u00e7\u00e3o da Igreja, localizada na 604 Sul, e contou com a participa\u00e7\u00e3o de mais de 500 mulheres, al\u00e9m de l\u00edderes evang\u00e9licos.<\/p>\n\n\n\n<p><\/p>\n\n\n\n<figure class=\"wp-block-image size-full\"><img loading=\"lazy\" width=\"760\" height=\"507\" src=\"http:\/\/dgospel.com.br\/portal\/wp-content\/uploads\/2022\/08\/00000-3.jpg\" alt=\"\" class=\"wp-image-12202\" srcset=\"https:\/\/dgospel.com.br\/portal\/wp-content\/uploads\/2022\/08\/00000-3.jpg 760w, https:\/\/dgospel.com.br\/portal\/wp-content\/uploads\/2022\/08\/00000-3-300x200.jpg 300w\" sizes=\"(max-width: 760px) 100vw, 760px\" \/><\/figure>\n\n\n\n<p>Durante o encontro, o Wanderlei Barbosa destacou os 31 anos de hist\u00f3ria e de evangeliza\u00e7\u00e3o dos membros e congregados da igreja.&nbsp;&#8220;N\u00f3s sabemos que hoje \u00e9 um dia especial e reconhecemos a import\u00e2ncia do trabalho que os senhores e senhoras fazem em nossas comunidades, evangelizando, realizando a\u00e7\u00f5es sociais e levando palavras de f\u00e9 para as pessoas&#8221;, disse.<\/p>\n\n\n\n<p>Ao falar dos projetos e da sua miss\u00e3o no governo, Wanderlei Barbosa disse que seu objetivo \u00e9 cuidar dos tocantinenses.&nbsp;\u201cVou cuidar das pessoas, promovendo pol\u00edticas p\u00fablicas baseadas naquilo que a popula\u00e7\u00e3o precisa. Escolas de qualidade; melhorar a vida dos trabalhadores; gerar emprego e renda para as fam\u00edlias tocantinenses\u201d, concluiu.&nbsp;&nbsp;<\/p>\n\n\n\n<p>F\u00c9<\/p>\n\n\n\n<p>O pastor presidente da Igreja Assembleia de Deus em Palmas (centro) e vice-presidente da Conven\u00e7\u00e3o CIADSETA, Ant\u00f4nio Xavier dos Santos Vale, destacou a import\u00e2ncia da presen\u00e7a do governador no evento, e refor\u00e7ou que este \u00e9 um momento de muita reflex\u00e3o e cuidado com o pr\u00f3ximo.<\/p>\n\n\n\n<p>&#8220;Para n\u00f3s, a participa\u00e7\u00e3o do governador \u00e9 muito importante. N\u00f3s conhecemos a sua hist\u00f3ria de vida e sabemos da sua responsabilidade enquanto gestor e ser humano. Sabemos tamb\u00e9m que o nosso congresso \u00e9 um momento importante para renovarmos a nossa f\u00e9 e a nossa esperan\u00e7a, e hoje o finalizamos cheios de ben\u00e7\u00e3os e muita alegria no cora\u00e7\u00e3o&#8221;, disse.<\/p>\n","protected":false},"excerpt":{"rendered":"<p>O governador e candidato \u00e0 reelei\u00e7\u00e3o&nbsp;Wanderlei Barbosa (Republicanos) participou neste domingo (21) do congresso \u201cC\u00edrculo de Ora\u00e7\u00e3o Resposta do Alto\u201d, realizado na Assembleia de Deus &#8211; Ciadseta\/CGADB, em Palmas. Ele estava acompanhado da candidata ao Senado, Professora Dorinha (UB). O evento comemora o 31\u00ba Congresso de Ora\u00e7\u00e3o da Igreja, localizada na 604 Sul, e contou [&hellip;]<\/p>\n","protected":false},"author":2,"featured_media":12191,"comment_status":"open","ping_status":"open","sticky":false,"template":"","format":"standard","meta":[],"categories":[5],"tags":[13],"_links":{"self":[{"href":"https:\/\/dgospel.com.br\/portal\/index.php\/wp-json\/wp\/v2\/posts\/12199"}],"collection":[{"href":"https:\/\/dgospel.com.br\/portal\/index.php\/wp-json\/wp\/v2\/posts"}],"about":[{"href":"https:\/\/dgospel.com.br\/portal\/index.php\/wp-json\/wp\/v2\/types\/post"}],"author":[{"embeddable":true,"href":"https:\/\/dgospel.com.br\/portal\/index.php\/wp-json\/wp\/v2\/users\/2"}],"replies":[{"embeddable":true,"href":"https:\/\/dgospel.com.br\/portal\/index.php\/wp-json\/wp\/v2\/comments?post=12199"}],"version-history":[{"count":2,"href":"https:\/\/dgospel.com.br\/portal\/index.php\/wp-json\/wp\/v2\/posts\/12199\/revisions"}],"predecessor-version":[{"id":12203,"href":"https:\/\/dgospel.com.br\/portal\/index.php\/wp-json\/wp\/v2\/posts\/12199\/revisions\/12203"}],"wp:featuredmedia":[{"embeddable":true,"href":"https:\/\/dgospel.com.br\/portal\/index.php\/wp-json\/wp\/v2\/media\/12191"}],"wp:attachment":[{"href":"https:\/\/dgospel.com.br\/portal\/index.php\/wp-json\/wp\/v2\/media?parent=12199"}],"wp:term":[{"taxonomy":"category","embeddable":true,"href":"https:\/\/dgospel.com.br\/portal\/index.php\/wp-json\/wp\/v2\/categories?post=12199"},{"taxonomy":"post_tag","embeddable":true,"href":"https:\/\/dgospel.com.br\/portal\/index.php\/wp-json\/wp\/v2\/tags?post=12199"}],"curies":[{"name":"wp","href":"https:\/\/api.w.org\/{rel}","templated":true}]}}