{"id":122,"date":"2018-05-14T09:12:48","date_gmt":"2018-05-14T12:12:48","guid":{"rendered":"http:\/\/dgospel.com.br\/portal\/?p=122"},"modified":"2018-05-14T09:45:22","modified_gmt":"2018-05-14T12:45:22","slug":"plano-de-governo-de-mario-lucio-contempla-politicas-publicas-para-as-mulheres","status":"publish","type":"post","link":"https:\/\/dgospel.com.br\/portal\/index.php\/2018\/05\/14\/plano-de-governo-de-mario-lucio-contempla-politicas-publicas-para-as-mulheres\/","title":{"rendered":"Plano de Governo de M\u00e1rio L\u00facio contempla pol\u00edticas p\u00fablicas para as mulheres"},"content":{"rendered":"<p>No segundo domingo de maio, dia em que se comemora o dia das m\u00e3es, o candidato do Psol ao Governo do Tocantins, M\u00e1rio L\u00facio, lembra da import\u00e2ncia do debate sobre os direitos das mulheres, em especial aquelas que passam ou j\u00e1 passaram pelo processo da maternidade. \u201cEssa data \u00e9 muito simb\u00f3lica para lembrarmos da import\u00e2ncia da mulher na nossa sociedade, mas tamb\u00e9m para lembrarmos dos direitos que elas possuem. Do respeito que elas precisam ter tanto dentro de casa como fora dela e, principalmente no seu ambiente profissional\u201d, destacou.<\/p>\n<p>M\u00e1rio L\u00facio diz que seu Plano de Governo contempla pol\u00edticas p\u00fablicas voltadas para a preserva\u00e7\u00e3o e amplia\u00e7\u00e3o dos direitos das mulheres e tamb\u00e9m contra a viol\u00eancia dom\u00e9stica. \u201cO Estado precisa ser um bra\u00e7o de apoio para as mulheres que por ventura de alguma situa\u00e7\u00e3o esteja passando por momento de amea\u00e7as ou que estejam fragilizadas. No meu plano de governo, vamos\u00a0criar a Secretaria Estadual de Pol\u00edticas para as Mulheres, respons\u00e1vel pelo desenvolvimento da gest\u00e3o e articula\u00e7\u00e3o de pol\u00edticas p\u00fablicas, com dota\u00e7\u00e3o or\u00e7ament\u00e1ria adequada, que garanta que as mulheres e meninas tenham acesso \u00e0 sa\u00fade, educa\u00e7\u00e3o de qualidade, profissionaliza\u00e7\u00e3o e emprego decente em igualdade de condi\u00e7\u00f5es\u201d, pontuou.<\/p>\n<p>O candidato que as medidas propostas em seu plano objetivam a emancipa\u00e7\u00e3o das mulheres tocantinenses. \u201cVamos implantar servi\u00e7os especializados e integrados de preven\u00e7\u00e3o e combate \u00e0 viol\u00eancia contra mulher e amparo multidisciplinar para as suas v\u00edtimas, em especial as mulheres e meninas. Al\u00e9m disso, vamos\u00a0ampliar as delegacias especializadas no atendimento da mulher atendendo as demandas existentes nas cidades do Estado\u201d, garantiu.<\/p>\n<p>&nbsp;<\/p>\n<p>O Plano de Governo de M\u00e1rio L\u00facio tamb\u00e9m contempla iniciativas voltadas para a sa\u00fade das mulheres. \u201cNossa proposta \u00e9 para uma presta\u00e7\u00e3o dos servi\u00e7os b\u00e1sicos de sa\u00fade 24 horas e aos finais de semana, com qualidade, equipados com profissionais capacitados, quais sejam: centros de refer\u00eancias, casa de passagem, casa abrigo, conselhos tutelares, delegacias especializadas de atendimento \u00e0s mulheres e Instituto M\u00e9dico Legal. Al\u00e9m disso, vamos desenvolver o programa Sa\u00fade da Mulher com presta\u00e7\u00e3o de servi\u00e7os b\u00e1sicos com efici\u00eancia, humanizados e com linguagem acess\u00edvel \u00e0s mulheres camponesas &#8211; acampadas, assentadas e reassentadas &#8211; e ind\u00edgenas\u201d, disse.<\/p>\n<p>&nbsp;<\/p>\n<p>Nas pol\u00edticas p\u00fablicas voltadas para as mulheres, M\u00e1rio L\u00facio planeja ainda fazer melhoria das condi\u00e7\u00f5es do pres\u00eddio feminino e centros de atendimento socioeducativo, nos quais sejam eliminadas todas as formas de revista \u00edntima constrangedora aos familiares das encarceradas e a promo\u00e7\u00e3o de uma educa\u00e7\u00e3o n\u00e3o sexista, n\u00e3o machista, n\u00e3o homof\u00f3bica e laica, que promova a igualdade entre mulheres e homens, com inclus\u00e3o deste aspecto no Plano Estadual de Educa\u00e7\u00e3o e ampla divulga\u00e7\u00e3o da Lei Maria da Penha em linguagem popular.<\/p>\n<p>&nbsp;<\/p>\n<p>\u201cPrecisamos acabar de vez com a viol\u00eancia contra a mulher e garantir que os direitos delas sejam preservados e ampliados. Precisamos para isso tratar desse assunto como um tema priorit\u00e1rio, s\u00e9rio e urgente. No meu governo, faremos o poss\u00edvel para que o Tocantins se destaque na execu\u00e7\u00e3o de pol\u00edticas p\u00fablicas voltadas para as mulheres\u201d, concluiu M\u00e1rio L\u00facio.<\/p>\n","protected":false},"excerpt":{"rendered":"<p>No segundo domingo de maio, dia em que se comemora o dia das m\u00e3es, o candidato do Psol ao Governo do Tocantins, M\u00e1rio L\u00facio, lembra da import\u00e2ncia do debate sobre os direitos das mulheres, em especial aquelas que passam ou j\u00e1 passaram pelo processo da maternidade. \u201cEssa data \u00e9 muito simb\u00f3lica para lembrarmos da import\u00e2ncia [&hellip;]<\/p>\n","protected":false},"author":2,"featured_media":123,"comment_status":"open","ping_status":"open","sticky":false,"template":"","format":"standard","meta":[],"categories":[2,4],"tags":[],"_links":{"self":[{"href":"https:\/\/dgospel.com.br\/portal\/index.php\/wp-json\/wp\/v2\/posts\/122"}],"collection":[{"href":"https:\/\/dgospel.com.br\/portal\/index.php\/wp-json\/wp\/v2\/posts"}],"about":[{"href":"https:\/\/dgospel.com.br\/portal\/index.php\/wp-json\/wp\/v2\/types\/post"}],"author":[{"embeddable":true,"href":"https:\/\/dgospel.com.br\/portal\/index.php\/wp-json\/wp\/v2\/users\/2"}],"replies":[{"embeddable":true,"href":"https:\/\/dgospel.com.br\/portal\/index.php\/wp-json\/wp\/v2\/comments?post=122"}],"version-history":[{"count":1,"href":"https:\/\/dgospel.com.br\/portal\/index.php\/wp-json\/wp\/v2\/posts\/122\/revisions"}],"predecessor-version":[{"id":124,"href":"https:\/\/dgospel.com.br\/portal\/index.php\/wp-json\/wp\/v2\/posts\/122\/revisions\/124"}],"wp:featuredmedia":[{"embeddable":true,"href":"https:\/\/dgospel.com.br\/portal\/index.php\/wp-json\/wp\/v2\/media\/123"}],"wp:attachment":[{"href":"https:\/\/dgospel.com.br\/portal\/index.php\/wp-json\/wp\/v2\/media?parent=122"}],"wp:term":[{"taxonomy":"category","embeddable":true,"href":"https:\/\/dgospel.com.br\/portal\/index.php\/wp-json\/wp\/v2\/categories?post=122"},{"taxonomy":"post_tag","embeddable":true,"href":"https:\/\/dgospel.com.br\/portal\/index.php\/wp-json\/wp\/v2\/tags?post=122"}],"curies":[{"name":"wp","href":"https:\/\/api.w.org\/{rel}","templated":true}]}}