{"id":12204,"date":"2022-08-22T23:52:57","date_gmt":"2022-08-23T02:52:57","guid":{"rendered":"http:\/\/dgospel.com.br\/portal\/?p=12204"},"modified":"2022-08-22T23:52:58","modified_gmt":"2022-08-23T02:52:58","slug":"prefeito-de-lajeado-junior-bandeira-assume-coordenacao-de-agenda-estrategica-de-ronaldo-dimas","status":"publish","type":"post","link":"https:\/\/dgospel.com.br\/portal\/index.php\/2022\/08\/22\/prefeito-de-lajeado-junior-bandeira-assume-coordenacao-de-agenda-estrategica-de-ronaldo-dimas\/","title":{"rendered":"Prefeito de Lajeado, J\u00fanior Bandeira assume coordena\u00e7\u00e3o de agenda estrat\u00e9gica de Ronaldo Dimas"},"content":{"rendered":"\n<p>Prefeito no quarto mandato \u00e0 frente de Lajeado, J\u00fanior Bandeira (MDB) \u00e9 o novo coordenador da agenda pol\u00edtica-estrat\u00e9gica do candidato a governador Ronaldo Dimas (PL-MDB-Podemos). Ele ter\u00e1 papel fundamental no agendamento de reuni\u00f5es, preparativos de conversas pol\u00edticas e de realiza\u00e7\u00e3o de eventos de campanha.<\/p>\n\n\n\n<p>\u201c\u00c9 uma honra muito grande poder contribuir com esse time comandado pelo Ronaldo Dimas, prefeito que fez uma revolu\u00e7\u00e3o em Aragua\u00edna e \u00e9 um exemplo de gest\u00e3o que precisamos para o Tocantins. Quando recebi o convite, aceitei prontamente. Refor\u00e7o com muito orgulho o time de Dimas, do senador Eduardo Gomes (PL) e do nosso vice Freire J\u00fanior (MDB)\u201d, destacou J\u00fanior Bandeira.<\/p>\n\n\n\n<p>J\u00fanior Bandeira tamb\u00e9m confirmou que todo o seu grupo pol\u00edtico de Lajeado vai respaldar a candidatura de Dimas. \u201cVamos todos juntos transformar o Tocantins. Temos 40 dias de campanha para levar a mensagem para cada canto deste Estado, mostrar os nossos projetos, detalhar tudo que foi feito em Aragua\u00edna e, assim, vencer a elei\u00e7\u00e3o. O melhor candidato a governador n\u00f3s temos\u201d, resumiu J\u00fanior Bandeira<\/p>\n\n\n\n<p>Dimas, por sua vez, agradeceu muito a Bandeira por aceitar o convite. \u201cNo momento decisivo, estamos refor\u00e7ando nosso time. O Tocantins precisa de uma transforma\u00e7\u00e3o completa e do fim de mandatos tamp\u00f5es improvisados. Vamos mudar esse quadro\u201d, frisou o candidato.<\/p>\n\n\n\n<p><\/p>\n","protected":false},"excerpt":{"rendered":"<p>Prefeito no quarto mandato \u00e0 frente de Lajeado, J\u00fanior Bandeira (MDB) \u00e9 o novo coordenador da agenda pol\u00edtica-estrat\u00e9gica do candidato a governador Ronaldo Dimas (PL-MDB-Podemos). Ele ter\u00e1 papel fundamental no agendamento de reuni\u00f5es, preparativos de conversas pol\u00edticas e de realiza\u00e7\u00e3o de eventos de campanha. \u201c\u00c9 uma honra muito grande poder contribuir com esse time comandado [&hellip;]<\/p>\n","protected":false},"author":2,"featured_media":12205,"comment_status":"open","ping_status":"open","sticky":false,"template":"","format":"standard","meta":[],"categories":[4],"tags":[],"_links":{"self":[{"href":"https:\/\/dgospel.com.br\/portal\/index.php\/wp-json\/wp\/v2\/posts\/12204"}],"collection":[{"href":"https:\/\/dgospel.com.br\/portal\/index.php\/wp-json\/wp\/v2\/posts"}],"about":[{"href":"https:\/\/dgospel.com.br\/portal\/index.php\/wp-json\/wp\/v2\/types\/post"}],"author":[{"embeddable":true,"href":"https:\/\/dgospel.com.br\/portal\/index.php\/wp-json\/wp\/v2\/users\/2"}],"replies":[{"embeddable":true,"href":"https:\/\/dgospel.com.br\/portal\/index.php\/wp-json\/wp\/v2\/comments?post=12204"}],"version-history":[{"count":1,"href":"https:\/\/dgospel.com.br\/portal\/index.php\/wp-json\/wp\/v2\/posts\/12204\/revisions"}],"predecessor-version":[{"id":12206,"href":"https:\/\/dgospel.com.br\/portal\/index.php\/wp-json\/wp\/v2\/posts\/12204\/revisions\/12206"}],"wp:featuredmedia":[{"embeddable":true,"href":"https:\/\/dgospel.com.br\/portal\/index.php\/wp-json\/wp\/v2\/media\/12205"}],"wp:attachment":[{"href":"https:\/\/dgospel.com.br\/portal\/index.php\/wp-json\/wp\/v2\/media?parent=12204"}],"wp:term":[{"taxonomy":"category","embeddable":true,"href":"https:\/\/dgospel.com.br\/portal\/index.php\/wp-json\/wp\/v2\/categories?post=12204"},{"taxonomy":"post_tag","embeddable":true,"href":"https:\/\/dgospel.com.br\/portal\/index.php\/wp-json\/wp\/v2\/tags?post=12204"}],"curies":[{"name":"wp","href":"https:\/\/api.w.org\/{rel}","templated":true}]}}