{"id":12208,"date":"2022-08-24T09:00:11","date_gmt":"2022-08-24T12:00:11","guid":{"rendered":"http:\/\/dgospel.com.br\/portal\/?p=12208"},"modified":"2022-08-24T09:13:25","modified_gmt":"2022-08-24T12:13:25","slug":"adesivaco-demonstra-forca-da-campanha-do-candidato-a-deputado-federal-rubens-uchoa","status":"publish","type":"post","link":"https:\/\/dgospel.com.br\/portal\/index.php\/2022\/08\/24\/adesivaco-demonstra-forca-da-campanha-do-candidato-a-deputado-federal-rubens-uchoa\/","title":{"rendered":"Adesiva\u00e7o demonstra for\u00e7a da campanha do candidato a deputado federal, Rubens Uch\u00f4a"},"content":{"rendered":"\n<p>Amigos, l\u00edderes e apoiadores do candidato a deputado federal e vereador de Palmas, Rubens Uch\u00f4a (Uni\u00e3o Brasil), reuniram-se, na tarde desta segunda-feira (22), para estampar em seus carros e motos o apoio ao postulante \u00e0 C\u00e2mara dos Deputados. O evento aconteceu no estacionamento do gin\u00e1sio Ayrton Senna, na regi\u00e3o sul da Capital.&nbsp;<\/p>\n\n\n\n<p>O adesiva\u00e7o que teve in\u00edcio \u00e0s 17h, chamou a aten\u00e7\u00e3o de quem passava no local devido ao grande n\u00famero de ve\u00edculos que estavam participando da a\u00e7\u00e3o. Para a apoiadora Maria do Socorro, a grande participa\u00e7\u00e3o popular mostrou for\u00e7a e o carinho que os moradores da regi\u00e3o t\u00eam com o candidato, que \u00e9 pioneiro no setor Aureny IV.&nbsp;<\/p>\n\n\n\n<p>\u2018\u2019Como vereador ele demonstrou que se pode fazer pol\u00edtica de uma forma diferente, com muito trabalho e responsabilidade no cumprimento dos anseios da popula\u00e7\u00e3o\u2019\u2019, disse a apoiadora.&nbsp;<\/p>\n\n\n\n<p><strong>Conhe\u00e7a Rubens Uch\u00f4a&nbsp;<\/strong><\/p>\n\n\n\n<p>Rubens de Jesus Uch\u00f4a, foi eleito vereador de Palmas em 2020 e agora busca uma cadeira na C\u00e2mara Federal.&nbsp;<\/p>\n\n\n\n<p>Natural de Paragominas &#8211; PA, o parlamentar reside em Palmas desde 1997. \u00c9 casado com Elda Uch\u00f4a e tem tr\u00eas filhos, Joaquim Henrique, Victor Hugo e Lara Uch\u00f4a.<\/p>\n\n\n\n<p>Al\u00e9m dos servi\u00e7os prestados como vereador, Uch\u00f4a tamb\u00e9m \u00e9 um dos cantores evang\u00e9licos mais conhecidos no cen\u00e1rio estadual da m\u00fasica gospel.&nbsp;<\/p>\n\n\n\n<p>O candidato sempre desempenhou um papel ativo na sociedade, com v\u00e1rios projetos sociais que ajudaram muitas fam\u00edlias palmenses em situa\u00e7\u00e3o de vulnerabilidade. Tendo a fam\u00edlia como sua principal bandeira, Rubens buscar\u00e1 exercer um mandato que possibilite a todos os tocantinenses uma vida mais digna e mais justa \u00e0 todos.<\/p>\n","protected":false},"excerpt":{"rendered":"<p>Amigos, l\u00edderes e apoiadores do candidato a deputado federal e vereador de Palmas, Rubens Uch\u00f4a (Uni\u00e3o Brasil), reuniram-se, na tarde desta segunda-feira (22), para estampar em seus carros e motos o apoio ao postulante \u00e0 C\u00e2mara dos Deputados. O evento aconteceu no estacionamento do gin\u00e1sio Ayrton Senna, na regi\u00e3o sul da Capital.&nbsp; O adesiva\u00e7o que [&hellip;]<\/p>\n","protected":false},"author":2,"featured_media":12209,"comment_status":"open","ping_status":"open","sticky":false,"template":"","format":"standard","meta":[],"categories":[4],"tags":[13],"_links":{"self":[{"href":"https:\/\/dgospel.com.br\/portal\/index.php\/wp-json\/wp\/v2\/posts\/12208"}],"collection":[{"href":"https:\/\/dgospel.com.br\/portal\/index.php\/wp-json\/wp\/v2\/posts"}],"about":[{"href":"https:\/\/dgospel.com.br\/portal\/index.php\/wp-json\/wp\/v2\/types\/post"}],"author":[{"embeddable":true,"href":"https:\/\/dgospel.com.br\/portal\/index.php\/wp-json\/wp\/v2\/users\/2"}],"replies":[{"embeddable":true,"href":"https:\/\/dgospel.com.br\/portal\/index.php\/wp-json\/wp\/v2\/comments?post=12208"}],"version-history":[{"count":1,"href":"https:\/\/dgospel.com.br\/portal\/index.php\/wp-json\/wp\/v2\/posts\/12208\/revisions"}],"predecessor-version":[{"id":12210,"href":"https:\/\/dgospel.com.br\/portal\/index.php\/wp-json\/wp\/v2\/posts\/12208\/revisions\/12210"}],"wp:featuredmedia":[{"embeddable":true,"href":"https:\/\/dgospel.com.br\/portal\/index.php\/wp-json\/wp\/v2\/media\/12209"}],"wp:attachment":[{"href":"https:\/\/dgospel.com.br\/portal\/index.php\/wp-json\/wp\/v2\/media?parent=12208"}],"wp:term":[{"taxonomy":"category","embeddable":true,"href":"https:\/\/dgospel.com.br\/portal\/index.php\/wp-json\/wp\/v2\/categories?post=12208"},{"taxonomy":"post_tag","embeddable":true,"href":"https:\/\/dgospel.com.br\/portal\/index.php\/wp-json\/wp\/v2\/tags?post=12208"}],"curies":[{"name":"wp","href":"https:\/\/api.w.org\/{rel}","templated":true}]}}