{"id":1221,"date":"2018-09-05T09:40:57","date_gmt":"2018-09-05T12:40:57","guid":{"rendered":"http:\/\/dgospel.com.br\/portal\/?p=1221"},"modified":"2018-09-05T09:40:57","modified_gmt":"2018-09-05T12:40:57","slug":"amastha-faz-comicio-em-sitio-novo-e-recebe-adesao-de-tres-prefeitos-no-bico","status":"publish","type":"post","link":"https:\/\/dgospel.com.br\/portal\/index.php\/2018\/09\/05\/amastha-faz-comicio-em-sitio-novo-e-recebe-adesao-de-tres-prefeitos-no-bico\/","title":{"rendered":"Amastha  faz com\u00edcio em S\u00edtio Novo e recebe ades\u00e3o de tr\u00eas prefeitos no Bico"},"content":{"rendered":"<p>Candidato a governador pelo PSB, que j\u00e1 tinha o apoio do ex-prefeito e agora candidato a deputado estadual Jair Farias, ganhou a ades\u00e3o de Alexandre Farias, atual prefeito, al\u00e9m da ades\u00e3o das prefeitas de Itaguatins e S\u00e3o Miguel do Tocantins<\/p>\n<p>&nbsp;<\/p>\n<p>\u201cResgatamos o sentimento da pol\u00edtica e vimos a esperan\u00e7a brilhar nos olhos de milhares de tocantinenses. Vamos virar essa p\u00e1gina\u201d, comemorou o candidato a governador Carlos Amastha (PSB) ao fim do com\u00edcio na noite desta ter\u00e7a-feira, 4, na Rua do Com\u00e9rcio, que ficou pequena para as mais de 2 mil pessoas entre populares e lideran\u00e7as de Sitio Novo, cujo prefeito Alexandre Farias lhe declarou apoio, e de outras cidades do Bico do Papagaio.<\/p>\n<p>Amastha comparou, proporcionamente, a import\u00e2ncia do evento em termo de empolga\u00e7\u00e3o e de n\u00famero de pessoas, \u00e0 celebra\u00e7\u00e3o de sua vit\u00f3ria nas elei\u00e7\u00f5es para a prefeito de Palmas, em 2012. \u201cParab\u00e9ns\u00a0Jair Farias.Obrigado Bico do Papagaio\u201d, agradeceu Amastha, ser referindo ao ex-prefeito do munic\u00edpio, agora candidato a deputado estadual e um dos entusiastas de sua candidatura a governador.<\/p>\n<p>Mas Amastha teve mais motivos para se empolgar com sua campanha que ganha mais f\u00f4lego ainda na regi\u00e3o com a ades\u00e3o das prefeitas de S\u00e3o Miguel do Tocantins, Eliz\u00e2ngela Alves, e de Itaguatins, Ivoneide Barreto, esposa de Homero Barreto, que \u00e9 suplente do candidato \u00e0 reelei\u00e7\u00e3o na chapa de Amastha, o senador Vicentinho Alves (PR).<\/p>\n<p><strong>\u00a0<\/strong><\/p>\n<p><strong>*Governadoria no Bico do Papagaio*<\/strong><\/p>\n<p>&#8220;N\u00e3o \u00e9 justo que as crian\u00e7as do Bico n\u00e3o tenham as mesmas oportunidades que as crian\u00e7as de Palmas. Temos que fazer esse estado voltar a crescer&#8221;, ressaltou Amastha, refor\u00e7ando a inova\u00e7\u00e3o de seu plano de governo, o PG-40, de criar as governadorias em dez regi\u00f5es do Estado, uma delas no Bico do Papagaio, dando-lhes autononomia para criar pol\u00edticas de desenvolvimento valorizando a voca\u00e7\u00e3o dos seus munic\u00edpios.<\/p>\n<p><a href=\"https:\/\/www.facebook.com\/photo.php?fbid=10160837266930367&amp;set=a.10156266695510367&amp;type=3\">\u00a0<\/a><\/p>\n<p><strong>*Educa\u00e7\u00e3o e turismo*<\/strong><\/p>\n<p>Com os n\u00fameros do Ideb mostrando Palmas como a segunda capital do Pa\u00eds e a rede estadual bem longe da meta no Ensino M\u00e9dio, \u00a0Amastha lembrou \u00a0descaso do governo com a educa\u00e7\u00e3o no Estado. &#8220;Oito escolas de tempo integral com obras paradas, sendo que uma delas fica em Araguatins. Precisamos dar fim a essa desordem.&#8221;<\/p>\n<p>O candidato ainda comentou a falta de investimentos no turismo da regi\u00e3o. &#8220;Palmas n\u00e3o tem a metade das potencialidades que o Bico tem e, mesmo assim, conseguimos transform\u00e1-la em uma cidade tur\u00edstica. Imagine o que podemos fazer com toda essa riqueza da regi\u00e3o. Turismo gera emprego, cresce a economia, mas antes precisa de investimento.&#8221;<\/p>\n<p>&nbsp;<\/p>\n","protected":false},"excerpt":{"rendered":"<p>Candidato a governador pelo PSB, que j\u00e1 tinha o apoio do ex-prefeito e agora candidato a deputado estadual Jair Farias, ganhou a ades\u00e3o de Alexandre Farias, atual prefeito, al\u00e9m da ades\u00e3o das prefeitas de Itaguatins e S\u00e3o Miguel do Tocantins &nbsp; \u201cResgatamos o sentimento da pol\u00edtica e vimos a esperan\u00e7a brilhar nos olhos de milhares [&hellip;]<\/p>\n","protected":false},"author":2,"featured_media":1222,"comment_status":"open","ping_status":"open","sticky":false,"template":"","format":"standard","meta":[],"categories":[2,4],"tags":[],"_links":{"self":[{"href":"https:\/\/dgospel.com.br\/portal\/index.php\/wp-json\/wp\/v2\/posts\/1221"}],"collection":[{"href":"https:\/\/dgospel.com.br\/portal\/index.php\/wp-json\/wp\/v2\/posts"}],"about":[{"href":"https:\/\/dgospel.com.br\/portal\/index.php\/wp-json\/wp\/v2\/types\/post"}],"author":[{"embeddable":true,"href":"https:\/\/dgospel.com.br\/portal\/index.php\/wp-json\/wp\/v2\/users\/2"}],"replies":[{"embeddable":true,"href":"https:\/\/dgospel.com.br\/portal\/index.php\/wp-json\/wp\/v2\/comments?post=1221"}],"version-history":[{"count":1,"href":"https:\/\/dgospel.com.br\/portal\/index.php\/wp-json\/wp\/v2\/posts\/1221\/revisions"}],"predecessor-version":[{"id":1223,"href":"https:\/\/dgospel.com.br\/portal\/index.php\/wp-json\/wp\/v2\/posts\/1221\/revisions\/1223"}],"wp:featuredmedia":[{"embeddable":true,"href":"https:\/\/dgospel.com.br\/portal\/index.php\/wp-json\/wp\/v2\/media\/1222"}],"wp:attachment":[{"href":"https:\/\/dgospel.com.br\/portal\/index.php\/wp-json\/wp\/v2\/media?parent=1221"}],"wp:term":[{"taxonomy":"category","embeddable":true,"href":"https:\/\/dgospel.com.br\/portal\/index.php\/wp-json\/wp\/v2\/categories?post=1221"},{"taxonomy":"post_tag","embeddable":true,"href":"https:\/\/dgospel.com.br\/portal\/index.php\/wp-json\/wp\/v2\/tags?post=1221"}],"curies":[{"name":"wp","href":"https:\/\/api.w.org\/{rel}","templated":true}]}}