{"id":12221,"date":"2022-08-25T22:17:38","date_gmt":"2022-08-26T01:17:38","guid":{"rendered":"http:\/\/dgospel.com.br\/portal\/?p=12221"},"modified":"2022-08-25T22:17:40","modified_gmt":"2022-08-26T01:17:40","slug":"marco-aurelio-me-arrependo-de-assinar-a-carta-pela-democracia","status":"publish","type":"post","link":"https:\/\/dgospel.com.br\/portal\/index.php\/2022\/08\/25\/marco-aurelio-me-arrependo-de-assinar-a-carta-pela-democracia\/","title":{"rendered":"Marco Aur\u00e9lio: \u201cMe arrependo de assinar a carta pela democracia\u201d"},"content":{"rendered":"\n<p>Ex-ministro do Supremo Tribunal Federal (STF), Marco Aur\u00e9lio Mello concedeu uma entrevista \u00e0 CNN Brasil nesta quinta-feira (25). O magistrado, que se aposentou da Suprema Corte em 2021, disse estar \u201carrependido\u201d de ter assinado a&nbsp;<em>Carta \u00e0s Brasileiras e aos Brasileiros em defesa do Estado Democr\u00e1tico de Direito<\/em>.<\/p>\n\n\n\n<p>O manifesto, elaborado por ex-docentes de Direito da Universidade de S\u00e3o Paulo (USP) e lido em ato simb\u00f3lico no dia 11 de agosto, objetiva, segundo seus autores, defender a democracia. Para o ex-ministro, entretanto, o objetivo verdadeiro do documento \u00e9 demonstrar apoio a Luiz In\u00e1cio Lula da Silva (PT) nas elei\u00e7\u00f5es gerais deste ano.<\/p>\n\n\n\n<p>\u2013 Pensei em uma pe\u00e7a de juristas para reafirmar que a democracia veio para ficar. Mas eu vi \u00e9 que se passou a se utilizar esse manifesto como um instrumento pol\u00edtico para se fustigar o atual governo e se apoiar o que seria um candidato da oposi\u00e7\u00e3o, o ex-presidente Luiz In\u00e1cio Lula da Silva \u2013 observou.<\/p>\n\n\n\n<p>Marco Aur\u00e9lio alegou que foi convidado a assinar o texto por um ex-diretor da USP, o professor Floriano Azevedo Neto. Ele reitera, no entanto, que, \u201cse soubesse a destina\u00e7\u00e3o do manifesto, n\u00e3o teria assinado\u201d.<\/p>\n\n\n\n<p>\u2013 Se soubesse que seria essa destina\u00e7\u00e3o do manifesto, e n\u00e3o a simples reafirma\u00e7\u00e3o da democracia, eu n\u00e3o teria assinado em si o manifesto. Me arrependi [de ter assinado]. E se arrependimento matasse, voc\u00eas estariam encomendando a minha missa de s\u00e9timo dia \u2013 completou.<\/p>\n\n\n\n<p>O ministro, que ocupou uma cadeira no STF por 31 anos, voltou a falar sobre a candidatura do ex-presidente Lula. No decorrer da conversa, ele reiterou que, hoje, \u201cn\u00e3o votaria em algu\u00e9m que foi condenado quatro vezes pela Justi\u00e7a Federal, por crimes diversos contra a administra\u00e7\u00e3o p\u00fablica\u201d.<\/p>\n\n\n\n<p>\u2013 J\u00e1 votei no ex-presidente Lula, mas n\u00e3o votaria agora como ex-juiz, em algu\u00e9m que foi condenado quatro vezes pela Justi\u00e7a Federal, por crimes diversos contra a administra\u00e7\u00e3o p\u00fablica (\u2026). Que, no passado, foi presidente do pa\u00eds por oito anos, e que deu as cartas no governo Dilma por mais seis anos. Ser\u00e1 que n\u00e3o temos outros candidatos? \u2013 concluiu.<\/p>\n","protected":false},"excerpt":{"rendered":"<p>Ex-ministro do Supremo Tribunal Federal (STF), Marco Aur\u00e9lio Mello concedeu uma entrevista \u00e0 CNN Brasil nesta quinta-feira (25). O magistrado, que se aposentou da Suprema Corte em 2021, disse estar \u201carrependido\u201d de ter assinado a&nbsp;Carta \u00e0s Brasileiras e aos Brasileiros em defesa do Estado Democr\u00e1tico de Direito. O manifesto, elaborado por ex-docentes de Direito da [&hellip;]<\/p>\n","protected":false},"author":2,"featured_media":12222,"comment_status":"open","ping_status":"open","sticky":false,"template":"","format":"standard","meta":[],"categories":[10],"tags":[13],"_links":{"self":[{"href":"https:\/\/dgospel.com.br\/portal\/index.php\/wp-json\/wp\/v2\/posts\/12221"}],"collection":[{"href":"https:\/\/dgospel.com.br\/portal\/index.php\/wp-json\/wp\/v2\/posts"}],"about":[{"href":"https:\/\/dgospel.com.br\/portal\/index.php\/wp-json\/wp\/v2\/types\/post"}],"author":[{"embeddable":true,"href":"https:\/\/dgospel.com.br\/portal\/index.php\/wp-json\/wp\/v2\/users\/2"}],"replies":[{"embeddable":true,"href":"https:\/\/dgospel.com.br\/portal\/index.php\/wp-json\/wp\/v2\/comments?post=12221"}],"version-history":[{"count":1,"href":"https:\/\/dgospel.com.br\/portal\/index.php\/wp-json\/wp\/v2\/posts\/12221\/revisions"}],"predecessor-version":[{"id":12223,"href":"https:\/\/dgospel.com.br\/portal\/index.php\/wp-json\/wp\/v2\/posts\/12221\/revisions\/12223"}],"wp:featuredmedia":[{"embeddable":true,"href":"https:\/\/dgospel.com.br\/portal\/index.php\/wp-json\/wp\/v2\/media\/12222"}],"wp:attachment":[{"href":"https:\/\/dgospel.com.br\/portal\/index.php\/wp-json\/wp\/v2\/media?parent=12221"}],"wp:term":[{"taxonomy":"category","embeddable":true,"href":"https:\/\/dgospel.com.br\/portal\/index.php\/wp-json\/wp\/v2\/categories?post=12221"},{"taxonomy":"post_tag","embeddable":true,"href":"https:\/\/dgospel.com.br\/portal\/index.php\/wp-json\/wp\/v2\/tags?post=12221"}],"curies":[{"name":"wp","href":"https:\/\/api.w.org\/{rel}","templated":true}]}}