{"id":12233,"date":"2022-08-25T23:03:55","date_gmt":"2022-08-26T02:03:55","guid":{"rendered":"http:\/\/dgospel.com.br\/portal\/?p=12233"},"modified":"2022-08-25T23:03:55","modified_gmt":"2022-08-26T02:03:55","slug":"saude-de-palmas-realiza-atividades-educativas-sobre-maleficios-dos-dispositivos-eletronicos","status":"publish","type":"post","link":"https:\/\/dgospel.com.br\/portal\/index.php\/2022\/08\/25\/saude-de-palmas-realiza-atividades-educativas-sobre-maleficios-dos-dispositivos-eletronicos\/","title":{"rendered":"Sa\u00fade de Palmas realiza atividades educativas sobre malef\u00edcios dos dispositivos eletr\u00f4nicos"},"content":{"rendered":"\n<figure class=\"wp-block-table\"><table><tbody><tr><td>Em alus\u00e3o ao Dia Nacional de Combate ao Fumo, celebrado no dia 29 de agosto, a \u00a0Coordena\u00e7\u00e3o T\u00e9cnica de Doen\u00e7as e Agravos N\u00e3o Transmiss\u00edveis (CDANT) da Superintend\u00eancia de Aten\u00e7\u00e3o Prim\u00e1ria e Vigil\u00e2ncia em Sa\u00fade (Supavs), setor da Secretaria Municipal da Sa\u00fade de Palmas (Semus), realiza atividades educativas para alertar sobre os malef\u00edcios do uso dos dispositivos eletr\u00f4nicos de fumar, conhecidos como &#8216;vapes&#8217;, proibidos no Brasil desde 2009.Segundo a coordenadora da CDANT, Andreza Domingos da Silva, hoje em dia nos mercados nacional e internacional, h\u00e1 uma variedade de itens derivados de tabaco usados de diversas formas. \u201cExistem tabacos que podem ser fumados, inalados, mascados ou absorvidos pela mucosa oral, al\u00e9m dos &#8216;vapes&#8217;, que cont\u00eam nicotina e causam depend\u00eancia, e est\u00e3o sendo amplamente usados, principalmente pelo p\u00fablico jovem, que erroneamente acreditam que n\u00e3o trazem preju\u00edzos \u00e0 sa\u00fade\u201d, afirma. Em Palmas, 5.074 fum\u00edgenos foram apreendidos pela Vigil\u00e2ncia Sanit\u00e1ria (Visa) de janeiro a julho deste ano. Desse n\u00famero, mais de 1.600 s\u00e3o vapes.Em aten\u00e7\u00e3o a esses n\u00fameros, Andreza relembra que o tabagismo \u00e9 uma doen\u00e7a cr\u00f4nica causada pela depend\u00eancia \u00e0 nicotina presente nos produtos \u00e0 base de tabaco, sendo o principal fator de risco evit\u00e1vel para mais de 50 tipos diferentes de Doen\u00e7as Cr\u00f4nicas n\u00e3o Transmiss\u00edveis (DCNTs) e que traz tamb\u00e9m danos sociais, econ\u00f4micos e ambientais.\u00a0<strong>Atividades<\/strong>Para chamar a aten\u00e7\u00e3o quanto ao controle do tabagismo, no dia 29, das 8h30 \u00e0s 9h30, servidores da Unidade de Sa\u00fade da Fam\u00edlia (USF) da 1.103 Sul, com o apoio da CDANT, estar\u00e3o no Centro Universit\u00e1rio Luterano de Palmas (Ceulp\/Ulbra) distribuindo folders e prestando orienta\u00e7\u00e3o aos universit\u00e1rios, no hall de entrada da institui\u00e7\u00e3o de ensino. No mesmo dia, no in\u00edcio da manh\u00e3 e da tarde, as equipes da USF da 804 Sul far\u00e3o a atividade orientativa e distribui\u00e7\u00e3o de informes.\u00a0Concomitante \u00e0 programa\u00e7\u00e3o descrita acima, as equipes da CDANT participam do I encontro dos coordenadores municipais de controle do tabagismo com exposi\u00e7\u00e3o de banner, no audit\u00f3rio da sede administrativa da Universidade Estadual do Tocantins (Unitins).\u00a0No dia 2 de setembro, a CDANT promove uma palestra educativa e exposi\u00e7\u00e3o de produtos fum\u00edgenos apreendidos pela Vigil\u00e2ncia Sanit\u00e1ria (Visa) na \u00a0Escola de Tempo Integral (ETI) Almirante Tamandar\u00e9. A atividade \u00e9 voltada para alunos, pais, respons\u00e1veis e \u00a0comunidade escolar.\u00a0<strong><u>Programa\u00e7\u00e3o\u00a0<\/u><\/strong><br><strong>29\/08<\/strong>8h30 \u00e0s 9h30 &#8211; Orienta\u00e7\u00e3o e distribui\u00e7\u00e3o de folders no Ceulp\/Ulbra8h e 14h &#8211; Orienta\u00e7\u00e3o e distribui\u00e7\u00e3o de folders na USF da 804 Sul\u00a0Todo o dia &#8211; Exposi\u00e7\u00e3o de banner no I encontro dos coordenadores municipais de controle do tabagismo, na sede administrativa da Unitins<strong>02\/09\u00a0<\/strong>14h &#8211; Palestra educativa e exposi\u00e7\u00e3o de produtos fum\u00edgenos apreendidos pela Vigil\u00e2ncia Sanit\u00e1ria (Visa) na \u00a0Escola de Tempo Integral (ETI) Almirante Tamandar\u00e9.<\/td><\/tr><tr><td><\/td><\/tr><\/tbody><\/table><\/figure>\n","protected":false},"excerpt":{"rendered":"<p>Em alus\u00e3o ao Dia Nacional de Combate ao Fumo, celebrado no dia 29 de agosto, a \u00a0Coordena\u00e7\u00e3o T\u00e9cnica de Doen\u00e7as e Agravos N\u00e3o Transmiss\u00edveis (CDANT) da Superintend\u00eancia de Aten\u00e7\u00e3o Prim\u00e1ria e Vigil\u00e2ncia em Sa\u00fade (Supavs), setor da Secretaria Municipal da Sa\u00fade de Palmas (Semus), realiza atividades educativas para alertar sobre os malef\u00edcios do uso dos [&hellip;]<\/p>\n","protected":false},"author":2,"featured_media":12234,"comment_status":"open","ping_status":"open","sticky":false,"template":"","format":"standard","meta":[],"categories":[3],"tags":[13],"_links":{"self":[{"href":"https:\/\/dgospel.com.br\/portal\/index.php\/wp-json\/wp\/v2\/posts\/12233"}],"collection":[{"href":"https:\/\/dgospel.com.br\/portal\/index.php\/wp-json\/wp\/v2\/posts"}],"about":[{"href":"https:\/\/dgospel.com.br\/portal\/index.php\/wp-json\/wp\/v2\/types\/post"}],"author":[{"embeddable":true,"href":"https:\/\/dgospel.com.br\/portal\/index.php\/wp-json\/wp\/v2\/users\/2"}],"replies":[{"embeddable":true,"href":"https:\/\/dgospel.com.br\/portal\/index.php\/wp-json\/wp\/v2\/comments?post=12233"}],"version-history":[{"count":1,"href":"https:\/\/dgospel.com.br\/portal\/index.php\/wp-json\/wp\/v2\/posts\/12233\/revisions"}],"predecessor-version":[{"id":12235,"href":"https:\/\/dgospel.com.br\/portal\/index.php\/wp-json\/wp\/v2\/posts\/12233\/revisions\/12235"}],"wp:featuredmedia":[{"embeddable":true,"href":"https:\/\/dgospel.com.br\/portal\/index.php\/wp-json\/wp\/v2\/media\/12234"}],"wp:attachment":[{"href":"https:\/\/dgospel.com.br\/portal\/index.php\/wp-json\/wp\/v2\/media?parent=12233"}],"wp:term":[{"taxonomy":"category","embeddable":true,"href":"https:\/\/dgospel.com.br\/portal\/index.php\/wp-json\/wp\/v2\/categories?post=12233"},{"taxonomy":"post_tag","embeddable":true,"href":"https:\/\/dgospel.com.br\/portal\/index.php\/wp-json\/wp\/v2\/tags?post=12233"}],"curies":[{"name":"wp","href":"https:\/\/api.w.org\/{rel}","templated":true}]}}