{"id":12239,"date":"2022-08-26T15:47:42","date_gmt":"2022-08-26T18:47:42","guid":{"rendered":"http:\/\/dgospel.com.br\/portal\/?p=12239"},"modified":"2022-08-26T15:47:43","modified_gmt":"2022-08-26T18:47:43","slug":"ida-de-lula-ao-jn-fica-abaixo-do-ibope-registrado-por-bolsonaro","status":"publish","type":"post","link":"https:\/\/dgospel.com.br\/portal\/index.php\/2022\/08\/26\/ida-de-lula-ao-jn-fica-abaixo-do-ibope-registrado-por-bolsonaro\/","title":{"rendered":"Ida de Lula ao JN fica abaixo do ibope registrado por Bolsonaro"},"content":{"rendered":"\n<p>A audi\u00eancia da entrevista do ex-presidente\u00a0<a rel=\"noreferrer noopener\" href=\"http:\/\/pleno.news\/tag\/lula\" target=\"_blank\">Lula<\/a>\u00a0(PT) ao\u00a0<em>Jornal Nacional<\/em>, da\u00a0<a rel=\"noreferrer noopener\" href=\"http:\/\/pleno.news\/tag\/globo\" target=\"_blank\">TV Globo<\/a>, na noite desta quinta-feira (25), n\u00e3o ultrapassou o \u00edndice registrado pela sabatina realizada com o presidente Jair Bolsonaro (PL) no jornal\u00edstico na \u00faltima segunda (22). De acordo com o site Poder360, a ida de Lula ao JN ficou cerca de um ponto abaixo da conversa com o chefe do Executivo.<\/p>\n\n\n\n<p>Segundo os n\u00fameros registrados na Grande S\u00e3o Paulo, principal pra\u00e7a de publicidade do pa\u00eds, a sabatina com o petista teve uma m\u00e9dia de 31,4 pontos de audi\u00eancia entre 20h31 e 21h12, quando a conversa foi ao ar. O pico de ibope da entrevista foi \u00e0s 21h10, quando a emissora registrou 33,8 pontos.<\/p>\n\n\n\n<p>J\u00e1 na \u00faltima segunda, segundo o ve\u00edculo, a Globo teve m\u00e9dia de 32,6 pontos no consolidado e pico de 35,6 \u00e0s 21h06. No Painel Nacional de Televis\u00e3o (PNT), com dados obtidos nos 15 principais centros urbanos no pa\u00eds, a \u00edntegra do JN com Lula teve 31,4 pontos no ibope, contra 32,5 do programa com Bolsonaro.<\/p>\n\n\n\n<p>Nesta sexta (26), a senadora Simone Tebet (MDB) encerra as sabatinas com os presidenci\u00e1veis. O dia tamb\u00e9m marca o in\u00edcio do hor\u00e1rio eleitoral no r\u00e1dio e na TV, que ser\u00e3o divididos em dois blocos para cada ve\u00edculo.<\/p>\n","protected":false},"excerpt":{"rendered":"<p>A audi\u00eancia da entrevista do ex-presidente\u00a0Lula\u00a0(PT) ao\u00a0Jornal Nacional, da\u00a0TV Globo, na noite desta quinta-feira (25), n\u00e3o ultrapassou o \u00edndice registrado pela sabatina realizada com o presidente Jair Bolsonaro (PL) no jornal\u00edstico na \u00faltima segunda (22). De acordo com o site Poder360, a ida de Lula ao JN ficou cerca de um ponto abaixo da conversa [&hellip;]<\/p>\n","protected":false},"author":2,"featured_media":12240,"comment_status":"open","ping_status":"open","sticky":false,"template":"","format":"standard","meta":[],"categories":[10],"tags":[],"_links":{"self":[{"href":"https:\/\/dgospel.com.br\/portal\/index.php\/wp-json\/wp\/v2\/posts\/12239"}],"collection":[{"href":"https:\/\/dgospel.com.br\/portal\/index.php\/wp-json\/wp\/v2\/posts"}],"about":[{"href":"https:\/\/dgospel.com.br\/portal\/index.php\/wp-json\/wp\/v2\/types\/post"}],"author":[{"embeddable":true,"href":"https:\/\/dgospel.com.br\/portal\/index.php\/wp-json\/wp\/v2\/users\/2"}],"replies":[{"embeddable":true,"href":"https:\/\/dgospel.com.br\/portal\/index.php\/wp-json\/wp\/v2\/comments?post=12239"}],"version-history":[{"count":1,"href":"https:\/\/dgospel.com.br\/portal\/index.php\/wp-json\/wp\/v2\/posts\/12239\/revisions"}],"predecessor-version":[{"id":12241,"href":"https:\/\/dgospel.com.br\/portal\/index.php\/wp-json\/wp\/v2\/posts\/12239\/revisions\/12241"}],"wp:featuredmedia":[{"embeddable":true,"href":"https:\/\/dgospel.com.br\/portal\/index.php\/wp-json\/wp\/v2\/media\/12240"}],"wp:attachment":[{"href":"https:\/\/dgospel.com.br\/portal\/index.php\/wp-json\/wp\/v2\/media?parent=12239"}],"wp:term":[{"taxonomy":"category","embeddable":true,"href":"https:\/\/dgospel.com.br\/portal\/index.php\/wp-json\/wp\/v2\/categories?post=12239"},{"taxonomy":"post_tag","embeddable":true,"href":"https:\/\/dgospel.com.br\/portal\/index.php\/wp-json\/wp\/v2\/tags?post=12239"}],"curies":[{"name":"wp","href":"https:\/\/api.w.org\/{rel}","templated":true}]}}