{"id":12242,"date":"2022-08-26T15:53:33","date_gmt":"2022-08-26T18:53:33","guid":{"rendered":"http:\/\/dgospel.com.br\/portal\/?p=12242"},"modified":"2022-08-26T15:53:34","modified_gmt":"2022-08-26T18:53:34","slug":"bolsonaro-questiona-proibicao-de-celular-na-cabine-de-votacao","status":"publish","type":"post","link":"https:\/\/dgospel.com.br\/portal\/index.php\/2022\/08\/26\/bolsonaro-questiona-proibicao-de-celular-na-cabine-de-votacao\/","title":{"rendered":"Bolsonaro questiona proibi\u00e7\u00e3o de celular na cabine de vota\u00e7\u00e3o"},"content":{"rendered":"\n<p>O presidente Jair Bolsonaro (PL) criticou, nesta sexta-feira (26), a decis\u00e3o do Tribunal Superior Eleitoral (TSE) de proibir que eleitores entrem com celular na cabine de vota\u00e7\u00e3o. Em entrevista ao programa&nbsp;<em>P\u00e2nico<\/em>, da Jovem Pan, o chefe do Executivo afirmou ter recebido v\u00eddeos registrados com o aparelho eletr\u00f4nico por apoiadores que tiveram problemas na hora de votar no 17 nas urnas eletr\u00f4nicas em 2018.<\/p>\n\n\n\n<p>\u2013 O que eu mais recebi em 2018 foram pequenos v\u00eddeos de pessoas que iam votar, iam apertar l\u00e1 o 17 e n\u00e3o sa\u00eda. J\u00e1 dava encerrado, aparecia l\u00e1 o 13, o Haddad ali e ferrava a vota\u00e7\u00e3o. Eles querem \u00e9 evitar isso da\u00ed. Ser\u00e1 que n\u00e3o conseguiram sanar isso ou isso existe propositalmente para tentar mexer no n\u00famero da vota\u00e7\u00e3o no final? \u2013 questionou o chefe do Executivo.<\/p>\n\n\n\n<p>O Tribunal Superior Eleitoral (TSE) decidiu nesta quinta-feira (25), por unanimidade, que os mes\u00e1rios poder\u00e3o reter os celulares de eleitores nas se\u00e7\u00f5es eleitorais para evitar a viola\u00e7\u00e3o da cabine de vota\u00e7\u00e3o. A decis\u00e3o foi dada em uma consulta formulada pelo partido Uni\u00e3o Brasil, que questionou se as mudan\u00e7as recentes nas resolu\u00e7\u00f5es do tribunal haviam derrubado a possibilidade de reten\u00e7\u00e3o dos aparelhos.<\/p>\n\n\n\n<p>Ao tomarem a decis\u00e3o, os ministros refor\u00e7aram uma regra que j\u00e1 havia sido aplicada nas elei\u00e7\u00f5es de 2018. Os ministros alertaram que o descumprimento pelo eleitor poder\u00e1 ser considerado crime.<\/p>\n\n\n\n<p>A Corte ainda aprovou a sugest\u00e3o do presidente do TSE, Alexandre de Moraes, de usar detectores de metais em se\u00e7\u00f5es de vota\u00e7\u00e3o que apresentem circunst\u00e2ncias excepcionais.<\/p>\n\n\n\n<p>\u2013 N\u00e3o devemos vedar de forma absoluta a eventual possibilidade de uso de detector de metais. Devemos deixar de forma excepcional, at\u00e9 porque em algumas localidade h\u00e1 um pedido para o TRE, em virtude de armas tamb\u00e9m. Isso deve ser uma consulta feita ao juiz da zona eleitoral. Uma excepcionalidade, mas, uma vez constatada, o juiz da zona deve ser consultado \u2013 disse o relator da consulta, ministro Sergio Banhos, segundo informa\u00e7\u00f5es do jornal Estad\u00e3o.<\/p>\n","protected":false},"excerpt":{"rendered":"<p>O presidente Jair Bolsonaro (PL) criticou, nesta sexta-feira (26), a decis\u00e3o do Tribunal Superior Eleitoral (TSE) de proibir que eleitores entrem com celular na cabine de vota\u00e7\u00e3o. Em entrevista ao programa&nbsp;P\u00e2nico, da Jovem Pan, o chefe do Executivo afirmou ter recebido v\u00eddeos registrados com o aparelho eletr\u00f4nico por apoiadores que tiveram problemas na hora de [&hellip;]<\/p>\n","protected":false},"author":2,"featured_media":12243,"comment_status":"open","ping_status":"open","sticky":false,"template":"","format":"standard","meta":[],"categories":[4],"tags":[13],"_links":{"self":[{"href":"https:\/\/dgospel.com.br\/portal\/index.php\/wp-json\/wp\/v2\/posts\/12242"}],"collection":[{"href":"https:\/\/dgospel.com.br\/portal\/index.php\/wp-json\/wp\/v2\/posts"}],"about":[{"href":"https:\/\/dgospel.com.br\/portal\/index.php\/wp-json\/wp\/v2\/types\/post"}],"author":[{"embeddable":true,"href":"https:\/\/dgospel.com.br\/portal\/index.php\/wp-json\/wp\/v2\/users\/2"}],"replies":[{"embeddable":true,"href":"https:\/\/dgospel.com.br\/portal\/index.php\/wp-json\/wp\/v2\/comments?post=12242"}],"version-history":[{"count":1,"href":"https:\/\/dgospel.com.br\/portal\/index.php\/wp-json\/wp\/v2\/posts\/12242\/revisions"}],"predecessor-version":[{"id":12244,"href":"https:\/\/dgospel.com.br\/portal\/index.php\/wp-json\/wp\/v2\/posts\/12242\/revisions\/12244"}],"wp:featuredmedia":[{"embeddable":true,"href":"https:\/\/dgospel.com.br\/portal\/index.php\/wp-json\/wp\/v2\/media\/12243"}],"wp:attachment":[{"href":"https:\/\/dgospel.com.br\/portal\/index.php\/wp-json\/wp\/v2\/media?parent=12242"}],"wp:term":[{"taxonomy":"category","embeddable":true,"href":"https:\/\/dgospel.com.br\/portal\/index.php\/wp-json\/wp\/v2\/categories?post=12242"},{"taxonomy":"post_tag","embeddable":true,"href":"https:\/\/dgospel.com.br\/portal\/index.php\/wp-json\/wp\/v2\/tags?post=12242"}],"curies":[{"name":"wp","href":"https:\/\/api.w.org\/{rel}","templated":true}]}}