{"id":12245,"date":"2022-08-26T16:15:57","date_gmt":"2022-08-26T19:15:57","guid":{"rendered":"http:\/\/dgospel.com.br\/portal\/?p=12245"},"modified":"2022-08-26T16:20:05","modified_gmt":"2022-08-26T19:20:05","slug":"gipao-recebe-apoio-do-medico-veterinario-e-ex-vereador-de-araguaina-joao-pacheco","status":"publish","type":"post","link":"https:\/\/dgospel.com.br\/portal\/index.php\/2022\/08\/26\/gipao-recebe-apoio-do-medico-veterinario-e-ex-vereador-de-araguaina-joao-pacheco\/","title":{"rendered":"Gip\u00e3o recebe apoio do m\u00e9dico veterin\u00e1rio e ex-vereador de Aragua\u00edna, Jo\u00e3o Pacheco"},"content":{"rendered":"\n<p>Candidato a deputado estadual pelo PL, no grupo de Ronaldo Dimas, Aldair Costa Sousa (Gip\u00e3o), continua recebendo apoio de lideran\u00e7as importantes que somam for\u00e7as no projeto pol\u00edtico. O m\u00e9dico veterin\u00e1rio e ex-vereador Jo\u00e3o Pacheco \u00e9 o nome da vez.<\/p>\n\n\n\n<p>Morando em Aragua\u00edna h\u00e1 mais de quarenta anos, Pacheco escolheu a cidade para ser seu lar. Aqui ao lado de sua esposa Maria Jos\u00e9 Martins Pacheco (Zez\u00e9 Pacheco), criou os filhos e tamb\u00e9m testemunhou as grandes mudan\u00e7as que ocorreram no munic\u00edpio ao longo dos anos. Inclusive, aquelas em que, como parlamentar, Gip\u00e3o teve atua\u00e7\u00e3o direta.<\/p>\n\n\n\n<p>O apoiador conhece bem as dificuldades e desafios de um pol\u00edtico que tem sede de transforma\u00e7\u00e3o, que trabalha incansavelmente para garantir o bem estar da popula\u00e7\u00e3o e faz quest\u00e3o de deixar claro os motivos pelos quais&nbsp; apoia a candidatura de Gip\u00e3o \u00e0 Assembl\u00e9ia Legislativa.<\/p>\n\n\n\n<p>&#8220;Gip\u00e3o, foi vereador em Aragua\u00edna por 5 mandatos e cumpriu todos eles com brilhantismo. Agora, ele \u00e9 candidato a Deputado Estadual, e eu estou apoiando ele principalmente porque al\u00e9m de ter conclu\u00eddo seus mandatos com \u00eaxito, ele \u00e9 um servo do Reino, evang\u00e9lico e temente a Deus&#8221;, enfatizou o ex-parlamentar.<\/p>\n\n\n\n<p>\u201cSou grato ao grande l\u00edder Jo\u00e3o Pacheco pelo apoio \u00e0 essa campanha. \u00c9 mais um grande nome que fortalece muito o nosso projeto\u201d, reconheceu Gip\u00e3o.<\/p>\n","protected":false},"excerpt":{"rendered":"<p>Candidato a deputado estadual pelo PL, no grupo de Ronaldo Dimas, Aldair Costa Sousa (Gip\u00e3o), continua recebendo apoio de lideran\u00e7as importantes que somam for\u00e7as no projeto pol\u00edtico. O m\u00e9dico veterin\u00e1rio e ex-vereador Jo\u00e3o Pacheco \u00e9 o nome da vez. Morando em Aragua\u00edna h\u00e1 mais de quarenta anos, Pacheco escolheu a cidade para ser seu lar. [&hellip;]<\/p>\n","protected":false},"author":2,"featured_media":12248,"comment_status":"open","ping_status":"open","sticky":false,"template":"","format":"standard","meta":[],"categories":[4],"tags":[],"_links":{"self":[{"href":"https:\/\/dgospel.com.br\/portal\/index.php\/wp-json\/wp\/v2\/posts\/12245"}],"collection":[{"href":"https:\/\/dgospel.com.br\/portal\/index.php\/wp-json\/wp\/v2\/posts"}],"about":[{"href":"https:\/\/dgospel.com.br\/portal\/index.php\/wp-json\/wp\/v2\/types\/post"}],"author":[{"embeddable":true,"href":"https:\/\/dgospel.com.br\/portal\/index.php\/wp-json\/wp\/v2\/users\/2"}],"replies":[{"embeddable":true,"href":"https:\/\/dgospel.com.br\/portal\/index.php\/wp-json\/wp\/v2\/comments?post=12245"}],"version-history":[{"count":1,"href":"https:\/\/dgospel.com.br\/portal\/index.php\/wp-json\/wp\/v2\/posts\/12245\/revisions"}],"predecessor-version":[{"id":12247,"href":"https:\/\/dgospel.com.br\/portal\/index.php\/wp-json\/wp\/v2\/posts\/12245\/revisions\/12247"}],"wp:featuredmedia":[{"embeddable":true,"href":"https:\/\/dgospel.com.br\/portal\/index.php\/wp-json\/wp\/v2\/media\/12248"}],"wp:attachment":[{"href":"https:\/\/dgospel.com.br\/portal\/index.php\/wp-json\/wp\/v2\/media?parent=12245"}],"wp:term":[{"taxonomy":"category","embeddable":true,"href":"https:\/\/dgospel.com.br\/portal\/index.php\/wp-json\/wp\/v2\/categories?post=12245"},{"taxonomy":"post_tag","embeddable":true,"href":"https:\/\/dgospel.com.br\/portal\/index.php\/wp-json\/wp\/v2\/tags?post=12245"}],"curies":[{"name":"wp","href":"https:\/\/api.w.org\/{rel}","templated":true}]}}