{"id":12249,"date":"2022-08-27T15:09:54","date_gmt":"2022-08-27T18:09:54","guid":{"rendered":"http:\/\/dgospel.com.br\/portal\/?p=12249"},"modified":"2022-08-27T15:09:55","modified_gmt":"2022-08-27T18:09:55","slug":"com-o-apoio-de-13-prefeitos-e-mais-de-70-vereadores-leo-barbosa-faz-lancamento-oficial-de-campanha-em-palmas","status":"publish","type":"post","link":"https:\/\/dgospel.com.br\/portal\/index.php\/2022\/08\/27\/com-o-apoio-de-13-prefeitos-e-mais-de-70-vereadores-leo-barbosa-faz-lancamento-oficial-de-campanha-em-palmas\/","title":{"rendered":"Com o apoio de 13 prefeitos e mais de 70 vereadores, L\u00e9o Barbosa faz lan\u00e7amento oficial de campanha em Palmas"},"content":{"rendered":"\n<p>&#8220;Quero dizer da minha alegria de saber que o nosso projeto \u00e9 compreendido de norte a sul do Tocantins.&#8221; Foi assim que o deputado estadual e candidato \u00e0 reelei\u00e7\u00e3o L\u00e9o Barbosa (Republicanos) iniciou o seu discurso durante o lan\u00e7amento oficial de campanha. O evento que aconteceu no centro de Palmas reuniu cerca de 5 mil pessoas, na noite desta sexta-feira, 26, e contou com o apoio de 13 prefeitos e mais de 70 vereadores tocantinenses.<\/p>\n\n\n\n<p>Radilson Lima, prefeito de Sandol\u00e2ndia, discursou em nome de todos os gestores municipais presentes. &#8220;Em 2018, o deputado L\u00e9o Barbosa teve apenas um voto em Sandol\u00e2ndia e esse voto gerou emendas e a\u00e7\u00f5es para atender a popula\u00e7\u00e3o. Ali fizemos o compromisso de multiplicar este voto por mil. Eu digo, deputado, que voc\u00ea pode contar com Sandol\u00e2ndia, porque n\u00f3s acreditamos no seu trabalho\u201d, frisou Lima.&nbsp;<\/p>\n\n\n\n<p><strong>Apoio de Federais<\/strong><\/p>\n\n\n\n<p>O evento teve ainda o apoio dos candidatos a deputado federal Carlos Gaguim (Uni\u00e3o Brasil), Ricardo Ayres (Republicanos), Vicentinho J\u00fanior (Progressistas), Cleiton Pinheiro (Progressistas) e Ant\u00f4nio Andrade (Republicanos). &#8220;Eu sei L\u00e9o, que sobre os seus ombros pesa o mesmo peso que pesa sobre os meus, sermos filhos de grandes l\u00edderes. N\u00f3s s\u00f3 tivemos uma forma de nos firmarmos nos nossos mandatos, trabalho, trabalho e trabalho pelo Tocantins&#8221;, destacou Vicentinho J\u00fanior.&nbsp;<\/p>\n\n\n\n<p>A deputada federal e candidata ao Senado, Professora Dorinha (Uni\u00e3o Brasil), tamb\u00e9m manifestou o seu apoio a L\u00e9o Barbosa: \u201cQuero agradecer ao deputado L\u00e9o Barbosa pela oportunidade de falar com o seu povo. Aqui tem amigos de muitas cidades que vieram dizer que L\u00e9o Barbosa \u00e9 muito importante para o Tocantins. Eu tenho certeza que o Tocantins vai eleg\u00ea-lo pelo trabalho dele, pela juventude que ele representa. Por ser algu\u00e9m que vai lutar pelo emprego e pelo cuidado com as pessoas. O L\u00e9o&nbsp;tem brilho pr\u00f3prio e est\u00e1 construindo um trabalho de excel\u00eancia pelo Tocantins.\u201d<\/p>\n\n\n\n<p><strong>Emo\u00e7\u00e3o no palanque<\/strong><\/p>\n\n\n\n<p>Durante o seu discurso, L\u00e9o se emocionou ao falar sobre o exemplo que sempre teve de seu pai, o governador Wanderlei Barbosa. \u201cEu aprendi uma coisa com o senhor, pai, que n\u00f3s s\u00f3 vamos ser grandes se cuidarmos dos pequenos e \u00e9 por isso que eu tenho orgulho de dizer que n\u00f3s colocamos recursos para regi\u00f5es como a Mansinha, como o povoado quilombola Cocalinho, lugares afastados que muitas vezes foram esquecidos. Eu aprendi isso l\u00e1 dentro da minha casa. Conheci o cora\u00e7\u00e3o de um homem que muito vem fazendo nestes 9 meses. N\u00f3s estamos cuidando das pessoas, estamos fazendo o trabalho que o tocantinense sempre esperou e vamos continuar fazendo\u201d, disse o parlamentar.<\/p>\n\n\n\n<p>Na oportunidade, L\u00e9o pediu apoio e falou que vai fiscalizar as a\u00e7\u00f5es do governo. \u201cEu quero pedir a voc\u00eas a oportunidade de continuar os representando na Assembleia Legislativa. Vou fiscalizar este governo mais do que nunca, porque eu quero que o meu pai deixe uma hist\u00f3ria linda neste estado\u201d, ressaltou L\u00e9o.<\/p>\n\n\n\n<p><strong>Governador<\/strong><\/p>\n\n\n\n<p>Finalizando o evento, o governador e candidato \u00e0 reelei\u00e7\u00e3o Wanderlei Barbosa (Republicanos) relembrou sua trajet\u00f3ria, destacou a\u00e7\u00f5es e falou sobre projetos para o estado. Ele afirmou ainda que chamar\u00e1 mais aprovados no concurso da Pol\u00edcia Militar do Tocantins.&nbsp;<\/p>\n\n\n\n<p>\u201cFui 18 anos vereador e sempre lutei da mesma forma. E uma das coisas que eu mais gosto na vida p\u00fablica \u00e9 do trabalho simples, daquele que vai para ajudar as pessoas, do trabalho que parte do cora\u00e7\u00e3o do pol\u00edtico. Daquele que vai de encontro \u00e0s dificuldades do povo para resolver problemas\u201d, disse o governador.<\/p>\n","protected":false},"excerpt":{"rendered":"<p>&#8220;Quero dizer da minha alegria de saber que o nosso projeto \u00e9 compreendido de norte a sul do Tocantins.&#8221; Foi assim que o deputado estadual e candidato \u00e0 reelei\u00e7\u00e3o L\u00e9o Barbosa (Republicanos) iniciou o seu discurso durante o lan\u00e7amento oficial de campanha. O evento que aconteceu no centro de Palmas reuniu cerca de 5 mil [&hellip;]<\/p>\n","protected":false},"author":2,"featured_media":12250,"comment_status":"open","ping_status":"open","sticky":false,"template":"","format":"standard","meta":[],"categories":[4],"tags":[13],"_links":{"self":[{"href":"https:\/\/dgospel.com.br\/portal\/index.php\/wp-json\/wp\/v2\/posts\/12249"}],"collection":[{"href":"https:\/\/dgospel.com.br\/portal\/index.php\/wp-json\/wp\/v2\/posts"}],"about":[{"href":"https:\/\/dgospel.com.br\/portal\/index.php\/wp-json\/wp\/v2\/types\/post"}],"author":[{"embeddable":true,"href":"https:\/\/dgospel.com.br\/portal\/index.php\/wp-json\/wp\/v2\/users\/2"}],"replies":[{"embeddable":true,"href":"https:\/\/dgospel.com.br\/portal\/index.php\/wp-json\/wp\/v2\/comments?post=12249"}],"version-history":[{"count":1,"href":"https:\/\/dgospel.com.br\/portal\/index.php\/wp-json\/wp\/v2\/posts\/12249\/revisions"}],"predecessor-version":[{"id":12251,"href":"https:\/\/dgospel.com.br\/portal\/index.php\/wp-json\/wp\/v2\/posts\/12249\/revisions\/12251"}],"wp:featuredmedia":[{"embeddable":true,"href":"https:\/\/dgospel.com.br\/portal\/index.php\/wp-json\/wp\/v2\/media\/12250"}],"wp:attachment":[{"href":"https:\/\/dgospel.com.br\/portal\/index.php\/wp-json\/wp\/v2\/media?parent=12249"}],"wp:term":[{"taxonomy":"category","embeddable":true,"href":"https:\/\/dgospel.com.br\/portal\/index.php\/wp-json\/wp\/v2\/categories?post=12249"},{"taxonomy":"post_tag","embeddable":true,"href":"https:\/\/dgospel.com.br\/portal\/index.php\/wp-json\/wp\/v2\/tags?post=12249"}],"curies":[{"name":"wp","href":"https:\/\/api.w.org\/{rel}","templated":true}]}}