{"id":12252,"date":"2022-08-27T15:14:03","date_gmt":"2022-08-27T18:14:03","guid":{"rendered":"http:\/\/dgospel.com.br\/portal\/?p=12252"},"modified":"2022-08-27T15:14:04","modified_gmt":"2022-08-27T18:14:04","slug":"palmas-registra-2-797-novos-empregos-formais-no-primeiro-semestre-de-2022","status":"publish","type":"post","link":"https:\/\/dgospel.com.br\/portal\/index.php\/2022\/08\/27\/palmas-registra-2-797-novos-empregos-formais-no-primeiro-semestre-de-2022\/","title":{"rendered":"Palmas registra 2.797 novos empregos formais no primeiro semestre de 2022"},"content":{"rendered":"\n<p>Dados do Novo Caged demonstram que Palmas fechou o primeiro semestre &#8211; janeiro a junho &#8211; deste ano com a cria\u00e7\u00e3o de 2.797 novos empregos com carteira assinada na cidade, um crescimento de 3,49% em compara\u00e7\u00e3o a dezembro de 2021. No total, a capital tocantinense conta com 82.983 trabalhadores formais, que representam 40% das carteiras assinadas no Tocantins e 26,48% da popula\u00e7\u00e3o estimada de Palmas (313.349 pessoas). A Prefeitura de Palmas tem apostado no incentivo aos pequenos neg\u00f3cios e nas obras p\u00fablicas para a gera\u00e7\u00e3o de emprego.<\/p>\n\n\n\n<p>Considerando a distribui\u00e7\u00e3o dos empregos formais&nbsp; na cidade, criados no primeiro semestre deste ano, o setor de servi\u00e7os responde por 59% dos trabalhadores com carteira assinada,1.654 novos postos de trabalho com carteira assinada. A constru\u00e7\u00e3o teve o segundo maior n\u00famero de empregos formais, 574 trabalhadores; seguida pelo com\u00e9rcio, 438 empregados; ind\u00fastria, 112; e 19, na agropecu\u00e1ria. O Novo Caged, criado em 2020, re\u00fane informa\u00e7\u00f5es dos sistemas eSocial, Caged e Empregador Web, gerido pelo Minist\u00e9rio do Trabalho e Previd\u00eancia do governo federal.<\/p>\n\n\n\n<p><strong>Perfil<\/strong><\/p>\n\n\n\n<p>Desses 2.797 trabalhadores, as mulheres representam apenas 36,43% (1.019) dos novos v\u00ednculos; os homens 63,57%, total 1.778 carteiras assinadas. Considerando o grau de instru\u00e7\u00e3o, 81,27% dos novos empregados com carteira assinada t\u00eam ensino m\u00e9dio completo. E parte significativa desses trabalhadores s\u00e3o jovens, 450 com at\u00e9 17 anos, 16,09% das carteira assinadas em 2022. E 1.664 trabalhadores t\u00eam de 18 a 24 anos, que correspondem a 59,49% das vagas criadas; sendo ainda que 9,44% das vagas est\u00e3o ocupadas por 264 trabalhadores, que t\u00eam de 25 a 29 anos.<\/p>\n\n\n\n<p>De janeiro a junho de 2022, o Novo Caged registrou 22.959 admiss\u00f5es, sendo 10.574 no servi\u00e7o; 6.865, com\u00e9rcio; 4.309, constru\u00e7\u00e3o; 1.101, na ind\u00fastria; e 110, na agropecu\u00e1ria. No mesmo per\u00edodo, foram 20.162 desligamentos de trabalhadores com carteira assinada, 8.920 em servi\u00e7os; 6.427, com\u00e9rcio; 3.735, constru\u00e7\u00e3o; 989, ind\u00fastria; e 91, agropecu\u00e1ria.&nbsp;<\/p>\n\n\n\n<p><strong>Comparativo<\/strong><\/p>\n\n\n\n<p>Considerando o mesmo per\u00edodo de 2021 &#8211; janeiro a junho -, o saldo de novos v\u00ednculos foi de 3.525, um crescimento de 4,79%. J\u00e1 em 2020, com uma economia bastante impactada pelo in\u00edcio da pandemia do novo coronav\u00edrus, a cria\u00e7\u00e3o de novos empregos nos primeiros seis meses teve um saldo de apenas 2.797 novos v\u00ednculos.<\/p>\n\n\n\n<p>\u201cObservamos uma retomada da economia com o in\u00edcio da vacina\u00e7\u00e3o contra a Covid-19 em 2021 e melhor controle do cont\u00e1gio, permitindo a reabertura da Capital. Al\u00e9m disso, tivemos a implementa\u00e7\u00e3o do Cart\u00e3o da Fam\u00edlia no ano passado, que movimentou o pequeno com\u00e9rcio; libera\u00e7\u00e3o de cr\u00e9dito facilitado com taxas de juros baixas pelo Banco do Povo; grandes obras de infraestrutura gerando mais empregos e aquecendo as vendas; grande campanha para compras no com\u00e9rcio local no final do ano; e redu\u00e7\u00e3o da burocracia para incentivar a abertura dos pequenos neg\u00f3cios. Esse ano, j\u00e1 come\u00e7amos em novos patamares de crescimento e a cria\u00e7\u00e3o de novos empregos, apesar de n\u00fameros menores em compara\u00e7\u00e3o ao ano passado, evoluem de forma est\u00e1vel\u201d, explica o secret\u00e1rio municipal de Desenvolvimento Econ\u00f4mico e Emprego de Palmas (Sedem), Gustavo Bott\u00f3s.<\/p>\n\n\n\n<p>A Gest\u00e3o Municipal quer investir ainda mais no fomento do emprego e renda e, com esse objetivo, est\u00e1 implementando o Fundo do Trabalho (FT) de Palmas, que financiar\u00e1 a\u00e7\u00f5es de incentivo ao trabalho, como o Sistema Nacional de Emprego (Sine), na Capital, que possibilitar\u00e1 mais op\u00e7\u00f5es de forma\u00e7\u00e3o e capacita\u00e7\u00e3o aos trabalhadores palmenses. \u201cA cria\u00e7\u00e3o do FT-Palmas \u00e9 mais um passo da prefeita Cinthia Ribeiro para fomentar a gera\u00e7\u00e3o de trabalho, emprego e renda, incentivando a economia e a melhoria do bem-estar social\u201d, pondera o secret\u00e1rio Bott\u00f3s.&nbsp;<\/p>\n","protected":false},"excerpt":{"rendered":"<p>Dados do Novo Caged demonstram que Palmas fechou o primeiro semestre &#8211; janeiro a junho &#8211; deste ano com a cria\u00e7\u00e3o de 2.797 novos empregos com carteira assinada na cidade, um crescimento de 3,49% em compara\u00e7\u00e3o a dezembro de 2021. No total, a capital tocantinense conta com 82.983 trabalhadores formais, que representam 40% das carteiras [&hellip;]<\/p>\n","protected":false},"author":2,"featured_media":12253,"comment_status":"open","ping_status":"open","sticky":false,"template":"","format":"standard","meta":[],"categories":[3],"tags":[13],"_links":{"self":[{"href":"https:\/\/dgospel.com.br\/portal\/index.php\/wp-json\/wp\/v2\/posts\/12252"}],"collection":[{"href":"https:\/\/dgospel.com.br\/portal\/index.php\/wp-json\/wp\/v2\/posts"}],"about":[{"href":"https:\/\/dgospel.com.br\/portal\/index.php\/wp-json\/wp\/v2\/types\/post"}],"author":[{"embeddable":true,"href":"https:\/\/dgospel.com.br\/portal\/index.php\/wp-json\/wp\/v2\/users\/2"}],"replies":[{"embeddable":true,"href":"https:\/\/dgospel.com.br\/portal\/index.php\/wp-json\/wp\/v2\/comments?post=12252"}],"version-history":[{"count":1,"href":"https:\/\/dgospel.com.br\/portal\/index.php\/wp-json\/wp\/v2\/posts\/12252\/revisions"}],"predecessor-version":[{"id":12254,"href":"https:\/\/dgospel.com.br\/portal\/index.php\/wp-json\/wp\/v2\/posts\/12252\/revisions\/12254"}],"wp:featuredmedia":[{"embeddable":true,"href":"https:\/\/dgospel.com.br\/portal\/index.php\/wp-json\/wp\/v2\/media\/12253"}],"wp:attachment":[{"href":"https:\/\/dgospel.com.br\/portal\/index.php\/wp-json\/wp\/v2\/media?parent=12252"}],"wp:term":[{"taxonomy":"category","embeddable":true,"href":"https:\/\/dgospel.com.br\/portal\/index.php\/wp-json\/wp\/v2\/categories?post=12252"},{"taxonomy":"post_tag","embeddable":true,"href":"https:\/\/dgospel.com.br\/portal\/index.php\/wp-json\/wp\/v2\/tags?post=12252"}],"curies":[{"name":"wp","href":"https:\/\/api.w.org\/{rel}","templated":true}]}}