{"id":12255,"date":"2022-08-27T15:43:15","date_gmt":"2022-08-27T18:43:15","guid":{"rendered":"http:\/\/dgospel.com.br\/portal\/?p=12255"},"modified":"2022-08-27T15:43:16","modified_gmt":"2022-08-27T18:43:16","slug":"guedes-diz-que-vai-acabar-com-ipi-e-defende-economia-aberta","status":"publish","type":"post","link":"https:\/\/dgospel.com.br\/portal\/index.php\/2022\/08\/27\/guedes-diz-que-vai-acabar-com-ipi-e-defende-economia-aberta\/","title":{"rendered":"Guedes diz que vai acabar com IPI e defende economia aberta"},"content":{"rendered":"\n<p>O ministro da Economia, Paulo Guedes, afirmou, nesta sexta-feira que deseja reduzir os impostos no pa\u00eds, mas disse que as empresas brasileiras precisam estar fortes para competir. Ainda segundo Guedes, o governo pretende acabar com o Imposto sobre Produtos Industrializados (IPI), chamado por ele de \u201cimposto de desindustrializa\u00e7\u00e3o em massa\u201d.<\/p>\n\n\n\n<p>O IPI, na avalia\u00e7\u00e3o do bra\u00e7o direito do presidente Jair Bolsonaro, \u201c\u00e9 rid\u00edculo, \u00e9 pat\u00e9tico e est\u00e1 errado\u201d. Tamb\u00e9m nas palavras dele, \u201c\u00e9 um imposto pago antes de ter renda\u201d. A declara\u00e7\u00e3o foi dada durante evento com o setor da agricultura no Rio Grande do Sul<\/p>\n\n\n\n<p>\u2013 O empresariado brasileiro tem uma bola de ferro na perna direita, que s\u00e3o juros muito altos, uma bola de ferra na perna esquerda, que s\u00e3o impostos muito altos, voc\u00ea bota um piano nas costas dele, que s\u00e3o os encargos trabalhistas, e fala: \u201ccorre que o chin\u00eas vai te pegar\u201d. N\u00e3o queremos a \u201cchinesada\u201d entrando aqui quebrando nossas f\u00e1bricas, nossas ind\u00fastrias, de jeito nenhum. O que queremos \u00e9 uma coisa moderada. Baixamos o IPI (Imposto sobre Produtos Industrializados) em 35%, vamos acabar com o IPI \u2013 ressaltou.<\/p>\n\n\n\n<p>Na quarta-feira (24), o governo publicou um decreto em que blinda os bens fabricados na Zona Franca de Manaus de redu\u00e7\u00e3o de IPI, com objetivo de destravar um corte de 35% em aproximadamente 4.000 produtos fabricados em outras regi\u00f5es do pa\u00eds.<\/p>\n\n\n\n<p>Guedes tamb\u00e9m afirmou que o Banco Central \u201ccochilou um pouquinho\u201d no combate \u00e0 infla\u00e7\u00e3o e s\u00f3 elevou os juros antes das demais autoridades monet\u00e1rias porque foi sacudido pelo governo.<\/p>\n\n\n\n<p>\u2013 Todo mundo dormiu ao volante, o nosso [Banco Central] foi o primeiro a acordar, cochilou um pouquinho tamb\u00e9m, mas foi o primeiro a acordar porque n\u00f3s sacudimos. Voc\u00ea \u00e9 independente. Acorda, p\u00f4. Voc\u00ea \u00e9 independente. Na mesma hora, come\u00e7ou a subir [os juros] \u2013 concluiu.<\/p>\n","protected":false},"excerpt":{"rendered":"<p>O ministro da Economia, Paulo Guedes, afirmou, nesta sexta-feira que deseja reduzir os impostos no pa\u00eds, mas disse que as empresas brasileiras precisam estar fortes para competir. Ainda segundo Guedes, o governo pretende acabar com o Imposto sobre Produtos Industrializados (IPI), chamado por ele de \u201cimposto de desindustrializa\u00e7\u00e3o em massa\u201d. O IPI, na avalia\u00e7\u00e3o do [&hellip;]<\/p>\n","protected":false},"author":2,"featured_media":12256,"comment_status":"open","ping_status":"open","sticky":false,"template":"","format":"standard","meta":[],"categories":[10],"tags":[],"_links":{"self":[{"href":"https:\/\/dgospel.com.br\/portal\/index.php\/wp-json\/wp\/v2\/posts\/12255"}],"collection":[{"href":"https:\/\/dgospel.com.br\/portal\/index.php\/wp-json\/wp\/v2\/posts"}],"about":[{"href":"https:\/\/dgospel.com.br\/portal\/index.php\/wp-json\/wp\/v2\/types\/post"}],"author":[{"embeddable":true,"href":"https:\/\/dgospel.com.br\/portal\/index.php\/wp-json\/wp\/v2\/users\/2"}],"replies":[{"embeddable":true,"href":"https:\/\/dgospel.com.br\/portal\/index.php\/wp-json\/wp\/v2\/comments?post=12255"}],"version-history":[{"count":1,"href":"https:\/\/dgospel.com.br\/portal\/index.php\/wp-json\/wp\/v2\/posts\/12255\/revisions"}],"predecessor-version":[{"id":12257,"href":"https:\/\/dgospel.com.br\/portal\/index.php\/wp-json\/wp\/v2\/posts\/12255\/revisions\/12257"}],"wp:featuredmedia":[{"embeddable":true,"href":"https:\/\/dgospel.com.br\/portal\/index.php\/wp-json\/wp\/v2\/media\/12256"}],"wp:attachment":[{"href":"https:\/\/dgospel.com.br\/portal\/index.php\/wp-json\/wp\/v2\/media?parent=12255"}],"wp:term":[{"taxonomy":"category","embeddable":true,"href":"https:\/\/dgospel.com.br\/portal\/index.php\/wp-json\/wp\/v2\/categories?post=12255"},{"taxonomy":"post_tag","embeddable":true,"href":"https:\/\/dgospel.com.br\/portal\/index.php\/wp-json\/wp\/v2\/tags?post=12255"}],"curies":[{"name":"wp","href":"https:\/\/api.w.org\/{rel}","templated":true}]}}