{"id":12258,"date":"2022-08-27T15:48:40","date_gmt":"2022-08-27T18:48:40","guid":{"rendered":"http:\/\/dgospel.com.br\/portal\/?p=12258"},"modified":"2022-08-27T15:48:41","modified_gmt":"2022-08-27T18:48:41","slug":"moro-quer-direito-de-resposta-na-globo-a-entrevista-de-lula-no-jn","status":"publish","type":"post","link":"https:\/\/dgospel.com.br\/portal\/index.php\/2022\/08\/27\/moro-quer-direito-de-resposta-na-globo-a-entrevista-de-lula-no-jn\/","title":{"rendered":"Moro quer direito de resposta na Globo \u00e0 entrevista de Lula no JN"},"content":{"rendered":"\n<p>Sergio Moro solicitou direito de resposta \u00e0 TV Globo por ter sido citado na entrevista do ex-presidente Luiz In\u00e1cio Lula da Silva (PT) ao\u00a0<em>Jornal Nacional<\/em>, nesta quinta-feira (26). O ex-juiz foi citado por William Bonner logo no in\u00edcio, referindo-se \u00e0 anula\u00e7\u00e3o das condena\u00e7\u00f5es do petista.<\/p>\n\n\n\n<p>\u2013 O Supremo Tribunal Federal lhe deu raz\u00e3o, considerou o ent\u00e3o juiz Sergio Moro parcial, anulou a condena\u00e7\u00e3o do caso do tr\u00edplex e anulou tamb\u00e9m outras condena\u00e7\u00f5es por ter considerado a vara de Curitiba incompetente. Portanto, o senhor n\u00e3o deve nada \u00e0 Justi\u00e7a \u2013 disse Bonner.<\/p>\n\n\n\n<p>De acordo com a colunista Bela Megale, do jornal O Globo, o ex-ministro da Justi\u00e7a acredita possuir o direito de se posicionar diante do que foi dito pelo \u00e2ncora global e pelo entrevistado. Lula fez duras cr\u00edticas \u00e0 Lava Jato, dizendo que a opera\u00e7\u00e3o ultrapassou o limite da investiga\u00e7\u00e3o, enveredando pelo lado pol\u00edtico. Ele tamb\u00e9m afirmou que o ex-juiz \u201cestava condenado a conden\u00e1-lo\u201d. Moro, por sua vez, se diz atacado pelo ex-presidente.<\/p>\n\n\n\n<p>Tecendo v\u00e1rios coment\u00e1rios sobre a entrevista em tempo real, o ex-juiz disse que a mesma foi muito parecida com os interrogat\u00f3rios da Lava Jato.<\/p>\n\n\n\n<figure class=\"wp-block-image\"><img src=\"https:\/\/static.cdn.pleno.news\/2022\/08\/Screenshot_1711.png\" alt=\"\" class=\"wp-image-1000540\"\/><\/figure>\n","protected":false},"excerpt":{"rendered":"<p>Sergio Moro solicitou direito de resposta \u00e0 TV Globo por ter sido citado na entrevista do ex-presidente Luiz In\u00e1cio Lula da Silva (PT) ao\u00a0Jornal Nacional, nesta quinta-feira (26). O ex-juiz foi citado por William Bonner logo no in\u00edcio, referindo-se \u00e0 anula\u00e7\u00e3o das condena\u00e7\u00f5es do petista. \u2013 O Supremo Tribunal Federal lhe deu raz\u00e3o, considerou o [&hellip;]<\/p>\n","protected":false},"author":2,"featured_media":12259,"comment_status":"open","ping_status":"open","sticky":false,"template":"","format":"standard","meta":[],"categories":[10],"tags":[],"_links":{"self":[{"href":"https:\/\/dgospel.com.br\/portal\/index.php\/wp-json\/wp\/v2\/posts\/12258"}],"collection":[{"href":"https:\/\/dgospel.com.br\/portal\/index.php\/wp-json\/wp\/v2\/posts"}],"about":[{"href":"https:\/\/dgospel.com.br\/portal\/index.php\/wp-json\/wp\/v2\/types\/post"}],"author":[{"embeddable":true,"href":"https:\/\/dgospel.com.br\/portal\/index.php\/wp-json\/wp\/v2\/users\/2"}],"replies":[{"embeddable":true,"href":"https:\/\/dgospel.com.br\/portal\/index.php\/wp-json\/wp\/v2\/comments?post=12258"}],"version-history":[{"count":1,"href":"https:\/\/dgospel.com.br\/portal\/index.php\/wp-json\/wp\/v2\/posts\/12258\/revisions"}],"predecessor-version":[{"id":12260,"href":"https:\/\/dgospel.com.br\/portal\/index.php\/wp-json\/wp\/v2\/posts\/12258\/revisions\/12260"}],"wp:featuredmedia":[{"embeddable":true,"href":"https:\/\/dgospel.com.br\/portal\/index.php\/wp-json\/wp\/v2\/media\/12259"}],"wp:attachment":[{"href":"https:\/\/dgospel.com.br\/portal\/index.php\/wp-json\/wp\/v2\/media?parent=12258"}],"wp:term":[{"taxonomy":"category","embeddable":true,"href":"https:\/\/dgospel.com.br\/portal\/index.php\/wp-json\/wp\/v2\/categories?post=12258"},{"taxonomy":"post_tag","embeddable":true,"href":"https:\/\/dgospel.com.br\/portal\/index.php\/wp-json\/wp\/v2\/tags?post=12258"}],"curies":[{"name":"wp","href":"https:\/\/api.w.org\/{rel}","templated":true}]}}