{"id":12261,"date":"2022-08-27T15:52:37","date_gmt":"2022-08-27T18:52:37","guid":{"rendered":"http:\/\/dgospel.com.br\/portal\/?p=12261"},"modified":"2022-08-27T15:52:39","modified_gmt":"2022-08-27T18:52:39","slug":"associacoes-rebatem-ataques-de-lula-no-jn-ao-agronegocio","status":"publish","type":"post","link":"https:\/\/dgospel.com.br\/portal\/index.php\/2022\/08\/27\/associacoes-rebatem-ataques-de-lula-no-jn-ao-agronegocio\/","title":{"rendered":"Associa\u00e7\u00f5es rebatem ataques de Lula no JN ao agroneg\u00f3cio"},"content":{"rendered":"\n<p>Associa\u00e7\u00f5es do agroneg\u00f3cio manifestaram indigna\u00e7\u00e3o no tocante \u00e0s falas do ex-presidente Lula (PT) sobre o setor durante a sabatina no Jornal Nacional, nesta quinta-feira (25). Na ocasi\u00e3o, o pr\u00e9-candidato \u00e0 Presid\u00eancia acusou parte do segmento de ser \u201cfascista\u201d e a favor do desmatamento.<\/p>\n\n\n\n<p>Em resposta, o Sindicado Rural de Imperatriz demonstrou rep\u00fadio, chamando o ex-presidente de \u201cmalandro, desonesto e comunista\u201d.<\/p>\n\n\n\n<p>\u2013 Fascistas n\u00e3o somos n\u00f3s do agroneg\u00f3cio. Fascistas s\u00e3o os adeptos das cartilhas de Lenin e do Foro de S\u00e3o Paulo, que pregam por \u201cAcuse-os do que voc\u00ea faz, chame-os do que voc\u00ea \u00e9\u201d. \u00c9 nesse perfil que se encaixa perfeitamente o ex-presidi\u00e1rio Lula da Silva \u2013 diz parte da nota, publicada pela organiza\u00e7\u00e3o nas redes sociais.<\/p>\n\n\n\n<p>J\u00e1 a Associa\u00e7\u00e3o Brasileira dos Criadores de Zebu afirmou que o candidato \u201cmentiu ao induzir e afirmar que os produtores s\u00e3o \u2018a favor do desmatamento\u2019\u201d, e defendeu que a \u201cpecu\u00e1ria e a agricultura brasileiras s\u00e3o reconhecidas pela import\u00e2ncia fundamental para a seguran\u00e7a alimentar do mundo\u201d.<\/p>\n\n\n\n<p>\u2013 Dedicamos a vida para assegurar a sobreviv\u00eancia da humanidade \u2013 frisou a entidade.<\/p>\n\n\n\n<p><strong>SABATINA<\/strong><br>Durante a entrevista ao Jornal Nacional, o ex-presidente foi perguntado sobre os motivos por tr\u00e1s da resist\u00eancia do agroneg\u00f3cio a ele. Lula atribuiu o fato \u00e0 pol\u00edtica ambiental petista, e foi rebatido por Renata Vasconcellos, que defendeu que \u201co agroneg\u00f3cio e o meio ambiente caminham juntos\u201d.<\/p>\n\n\n\n<p>Foi quando o ex-presidente respondeu:<\/p>\n\n\n\n<p>\u2013 O agroneg\u00f3cio, sabe, que \u00e9 fascista e direitista, porque os empres\u00e1rios s\u00e9rios que trabalham no agroneg\u00f3cio, que t\u00eam com\u00e9rcio com o exterior, que exportam para a Europa, para a China, esses n\u00e3o querem desmatar, esses querem preservar os nossos rios, querem preservar as nossas \u00e1guas, querem preservar as nossas faunas. Esses n\u00e3o. Mas voc\u00ea tem um monte que quer \u2013 assinalou o presidenci\u00e1vel.<\/p>\n","protected":false},"excerpt":{"rendered":"<p>Associa\u00e7\u00f5es do agroneg\u00f3cio manifestaram indigna\u00e7\u00e3o no tocante \u00e0s falas do ex-presidente Lula (PT) sobre o setor durante a sabatina no Jornal Nacional, nesta quinta-feira (25). Na ocasi\u00e3o, o pr\u00e9-candidato \u00e0 Presid\u00eancia acusou parte do segmento de ser \u201cfascista\u201d e a favor do desmatamento. Em resposta, o Sindicado Rural de Imperatriz demonstrou rep\u00fadio, chamando o ex-presidente [&hellip;]<\/p>\n","protected":false},"author":2,"featured_media":12262,"comment_status":"open","ping_status":"open","sticky":false,"template":"","format":"standard","meta":[],"categories":[4],"tags":[13],"_links":{"self":[{"href":"https:\/\/dgospel.com.br\/portal\/index.php\/wp-json\/wp\/v2\/posts\/12261"}],"collection":[{"href":"https:\/\/dgospel.com.br\/portal\/index.php\/wp-json\/wp\/v2\/posts"}],"about":[{"href":"https:\/\/dgospel.com.br\/portal\/index.php\/wp-json\/wp\/v2\/types\/post"}],"author":[{"embeddable":true,"href":"https:\/\/dgospel.com.br\/portal\/index.php\/wp-json\/wp\/v2\/users\/2"}],"replies":[{"embeddable":true,"href":"https:\/\/dgospel.com.br\/portal\/index.php\/wp-json\/wp\/v2\/comments?post=12261"}],"version-history":[{"count":1,"href":"https:\/\/dgospel.com.br\/portal\/index.php\/wp-json\/wp\/v2\/posts\/12261\/revisions"}],"predecessor-version":[{"id":12263,"href":"https:\/\/dgospel.com.br\/portal\/index.php\/wp-json\/wp\/v2\/posts\/12261\/revisions\/12263"}],"wp:featuredmedia":[{"embeddable":true,"href":"https:\/\/dgospel.com.br\/portal\/index.php\/wp-json\/wp\/v2\/media\/12262"}],"wp:attachment":[{"href":"https:\/\/dgospel.com.br\/portal\/index.php\/wp-json\/wp\/v2\/media?parent=12261"}],"wp:term":[{"taxonomy":"category","embeddable":true,"href":"https:\/\/dgospel.com.br\/portal\/index.php\/wp-json\/wp\/v2\/categories?post=12261"},{"taxonomy":"post_tag","embeddable":true,"href":"https:\/\/dgospel.com.br\/portal\/index.php\/wp-json\/wp\/v2\/tags?post=12261"}],"curies":[{"name":"wp","href":"https:\/\/api.w.org\/{rel}","templated":true}]}}