{"id":12273,"date":"2022-08-29T09:44:11","date_gmt":"2022-08-29T12:44:11","guid":{"rendered":"http:\/\/dgospel.com.br\/portal\/?p=12273"},"modified":"2022-08-29T09:44:12","modified_gmt":"2022-08-29T12:44:12","slug":"debate-na-band-lula-se-esquiva-e-nao-responde-bolsonaro-sobre-corrupcao","status":"publish","type":"post","link":"https:\/\/dgospel.com.br\/portal\/index.php\/2022\/08\/29\/debate-na-band-lula-se-esquiva-e-nao-responde-bolsonaro-sobre-corrupcao\/","title":{"rendered":"Debate na Band: Lula se esquiva e n\u00e3o responde Bolsonaro sobre corrup\u00e7\u00e3o"},"content":{"rendered":"\n<p>Neste domingo (28), os principais candidatos \u00e0 Presid\u00eancia da Rep\u00fablica participaram do primeiro debate presidencial de 2022. O evento \u00e9 organizado por um pool de empresas, formado pelas TVs Band e Cultura, pelo portal UOL e pelo jornal Folha de S\u00e3o Paulo.<\/p>\n\n\n\n<p>E a primeira pergunta entre os candidatos foi feita pelo presidente Jair Bolsonaro ao ex-presidente Lula. O tema foi corrup\u00e7\u00e3o e a quest\u00e3o da Petrobras.<\/p>\n\n\n\n<p>O petista, no entanto, n\u00e3o respondeu a quest\u00e3o e falou sobre seus antigos governo, o que levou Bolsonaro a rebate.<\/p>\n\n\n\n<p>\u2013 O seu governo foi marcado pela cleptocracia. Um governo marcado pelo roubo (\u2026) Nada justifica essa resposta mentirosa que voc\u00ea deu nessa quest\u00e3o. O seu governo foi o governo mais corrupto da hist\u00f3ria do Brasil \u2013 apontou.<\/p>\n\n\n\n<p>A atra\u00e7\u00e3o teve in\u00edcio \u00e0s 21h e, al\u00e9m de Bolsonaro (PL), conta com: Luiz In\u00e1cio Lula da Silva (PT), Ciro Gomes (PDT), Simone Tebet (MDB), Felipe D\u2019\u00e1villa (Novo) e Soraya Thronicke (Uni\u00e3o Brasil).<\/p>\n","protected":false},"excerpt":{"rendered":"<p>Neste domingo (28), os principais candidatos \u00e0 Presid\u00eancia da Rep\u00fablica participaram do primeiro debate presidencial de 2022. O evento \u00e9 organizado por um pool de empresas, formado pelas TVs Band e Cultura, pelo portal UOL e pelo jornal Folha de S\u00e3o Paulo. E a primeira pergunta entre os candidatos foi feita pelo presidente Jair Bolsonaro [&hellip;]<\/p>\n","protected":false},"author":2,"featured_media":12274,"comment_status":"open","ping_status":"open","sticky":false,"template":"","format":"standard","meta":[],"categories":[4],"tags":[13],"_links":{"self":[{"href":"https:\/\/dgospel.com.br\/portal\/index.php\/wp-json\/wp\/v2\/posts\/12273"}],"collection":[{"href":"https:\/\/dgospel.com.br\/portal\/index.php\/wp-json\/wp\/v2\/posts"}],"about":[{"href":"https:\/\/dgospel.com.br\/portal\/index.php\/wp-json\/wp\/v2\/types\/post"}],"author":[{"embeddable":true,"href":"https:\/\/dgospel.com.br\/portal\/index.php\/wp-json\/wp\/v2\/users\/2"}],"replies":[{"embeddable":true,"href":"https:\/\/dgospel.com.br\/portal\/index.php\/wp-json\/wp\/v2\/comments?post=12273"}],"version-history":[{"count":1,"href":"https:\/\/dgospel.com.br\/portal\/index.php\/wp-json\/wp\/v2\/posts\/12273\/revisions"}],"predecessor-version":[{"id":12275,"href":"https:\/\/dgospel.com.br\/portal\/index.php\/wp-json\/wp\/v2\/posts\/12273\/revisions\/12275"}],"wp:featuredmedia":[{"embeddable":true,"href":"https:\/\/dgospel.com.br\/portal\/index.php\/wp-json\/wp\/v2\/media\/12274"}],"wp:attachment":[{"href":"https:\/\/dgospel.com.br\/portal\/index.php\/wp-json\/wp\/v2\/media?parent=12273"}],"wp:term":[{"taxonomy":"category","embeddable":true,"href":"https:\/\/dgospel.com.br\/portal\/index.php\/wp-json\/wp\/v2\/categories?post=12273"},{"taxonomy":"post_tag","embeddable":true,"href":"https:\/\/dgospel.com.br\/portal\/index.php\/wp-json\/wp\/v2\/tags?post=12273"}],"curies":[{"name":"wp","href":"https:\/\/api.w.org\/{rel}","templated":true}]}}