{"id":12276,"date":"2022-08-29T09:46:40","date_gmt":"2022-08-29T12:46:40","guid":{"rendered":"http:\/\/dgospel.com.br\/portal\/?p=12276"},"modified":"2022-08-29T09:46:42","modified_gmt":"2022-08-29T12:46:42","slug":"lula-rejeita-cotas-para-mulheres-em-pastas-de-eventual-governo","status":"publish","type":"post","link":"https:\/\/dgospel.com.br\/portal\/index.php\/2022\/08\/29\/lula-rejeita-cotas-para-mulheres-em-pastas-de-eventual-governo\/","title":{"rendered":"Lula rejeita cotas para mulheres em pastas de eventual governo"},"content":{"rendered":"\n<p>Neste domingo (28), durante o debate com os candidatos \u00e0 Presid\u00eancia da Rep\u00fablica organizado por um pool de empresas formado pelas TVs Band e Cultura, pelo portal UOL e pelo jornal Folha de S\u00e3o Paulo, o ex-presidente\u00a0<a rel=\"noreferrer noopener\" href=\"http:\/\/pleno.news\/tag\/lula\" target=\"_blank\">Lula<\/a>\u00a0(PT) foi questionado sobre promover uma divis\u00e3o igualit\u00e1ria entre homens e mulheres nos minist\u00e9rios de um eventual novo governo, mas rejeitou a ideia.<\/p>\n\n\n\n<p>\u2013 Primeiro, n\u00e3o sou de assumir compromisso de indicar religioso, mulher, negro, homem. Voc\u00ea vai indicar as pessoas que t\u00eam capacidade de assumir determinados cargos. Eu tenho orgulho de ter indicado o primeiro negro para a Suprema Corte, a C\u00e1rmen L\u00facia\u2026 e poderia indicar muito mais, pode at\u00e9 ter maioria mulher. N\u00e3o d\u00e1 para assumir o compromisso numericamente \u2013 afirmou.<\/p>\n\n\n\n<p>Como justificativa para a resposta, o petista disse que n\u00e3o faria a promessa antes do resultado das elei\u00e7\u00f5es para depois n\u00e3o passar por \u201cmentiroso\u201d, caso a promessa n\u00e3o seja cumprida. J\u00e1 a candidata&nbsp;<a href=\"http:\/\/pleno.news\/tag\/simone-tebet\" target=\"_blank\" rel=\"noreferrer noopener\">Simone Tebet<\/a>&nbsp;(MDB), que respondia a pergunta junto com Lula, afirmou que, ao contr\u00e1rio do petista, se comprometia em fazer uma divis\u00e3o igualit\u00e1ria.<\/p>\n\n\n\n<p>\u2013 N\u00f3s temos condi\u00e7\u00f5es de colocar 50%. E mais, n\u00f3s teremos participa\u00e7\u00e3o de negros \u2013 declarou a senadora.<\/p>\n","protected":false},"excerpt":{"rendered":"<p>Neste domingo (28), durante o debate com os candidatos \u00e0 Presid\u00eancia da Rep\u00fablica organizado por um pool de empresas formado pelas TVs Band e Cultura, pelo portal UOL e pelo jornal Folha de S\u00e3o Paulo, o ex-presidente\u00a0Lula\u00a0(PT) foi questionado sobre promover uma divis\u00e3o igualit\u00e1ria entre homens e mulheres nos minist\u00e9rios de um eventual novo governo, [&hellip;]<\/p>\n","protected":false},"author":2,"featured_media":12277,"comment_status":"open","ping_status":"open","sticky":false,"template":"","format":"standard","meta":[],"categories":[4],"tags":[],"_links":{"self":[{"href":"https:\/\/dgospel.com.br\/portal\/index.php\/wp-json\/wp\/v2\/posts\/12276"}],"collection":[{"href":"https:\/\/dgospel.com.br\/portal\/index.php\/wp-json\/wp\/v2\/posts"}],"about":[{"href":"https:\/\/dgospel.com.br\/portal\/index.php\/wp-json\/wp\/v2\/types\/post"}],"author":[{"embeddable":true,"href":"https:\/\/dgospel.com.br\/portal\/index.php\/wp-json\/wp\/v2\/users\/2"}],"replies":[{"embeddable":true,"href":"https:\/\/dgospel.com.br\/portal\/index.php\/wp-json\/wp\/v2\/comments?post=12276"}],"version-history":[{"count":1,"href":"https:\/\/dgospel.com.br\/portal\/index.php\/wp-json\/wp\/v2\/posts\/12276\/revisions"}],"predecessor-version":[{"id":12278,"href":"https:\/\/dgospel.com.br\/portal\/index.php\/wp-json\/wp\/v2\/posts\/12276\/revisions\/12278"}],"wp:featuredmedia":[{"embeddable":true,"href":"https:\/\/dgospel.com.br\/portal\/index.php\/wp-json\/wp\/v2\/media\/12277"}],"wp:attachment":[{"href":"https:\/\/dgospel.com.br\/portal\/index.php\/wp-json\/wp\/v2\/media?parent=12276"}],"wp:term":[{"taxonomy":"category","embeddable":true,"href":"https:\/\/dgospel.com.br\/portal\/index.php\/wp-json\/wp\/v2\/categories?post=12276"},{"taxonomy":"post_tag","embeddable":true,"href":"https:\/\/dgospel.com.br\/portal\/index.php\/wp-json\/wp\/v2\/tags?post=12276"}],"curies":[{"name":"wp","href":"https:\/\/api.w.org\/{rel}","templated":true}]}}