{"id":12279,"date":"2022-08-29T09:51:01","date_gmt":"2022-08-29T12:51:01","guid":{"rendered":"http:\/\/dgospel.com.br\/portal\/?p=12279"},"modified":"2022-08-29T09:51:02","modified_gmt":"2022-08-29T12:51:02","slug":"bolsonaro-o-que-sera-do-brasil-se-o-ex-presidiario-voltar","status":"publish","type":"post","link":"https:\/\/dgospel.com.br\/portal\/index.php\/2022\/08\/29\/bolsonaro-o-que-sera-do-brasil-se-o-ex-presidiario-voltar\/","title":{"rendered":"Bolsonaro: \u201cO que ser\u00e1 do Brasil se o ex-presidi\u00e1rio voltar?\u201d"},"content":{"rendered":"\n<p>Neste domingo (28), os principais candidatos \u00e0 Presid\u00eancia da Rep\u00fablica participaram do primeiro debate presidencial de 2022. O evento \u00e9 organizado por um pool de empresas, formado pelas TVs Band e Cultura, pelo portal UOL e pelo jornal Folha de S\u00e3o Paulo.<\/p>\n\n\n\n<p>Em suas considera\u00e7\u00f5es finais, o presidente Jair Bolsonaro (PL), candidato \u00e0 reelei\u00e7\u00e3o, criticou Lula (PT) e disse que o petista apoiou ditaduras de esquerda no passado. As informa\u00e7\u00f5es s\u00e3o do site O Antagonista.<\/p>\n\n\n\n<p>\u2013 Deus, p\u00e1tria, fam\u00edlia e liberdade. Desculpe os demais candidatos, mas est\u00e1 polarizada as elei\u00e7\u00f5es (sic). Quem o ex-presidi\u00e1rio apoiou? Maduro, Chaves\u2026 o Lula apoiou essas candidaturas \u2013 declarou Bolsonaro.<\/p>\n\n\n\n<p>Ele questionou ainda o que acontecer\u00e1 com o pa\u00eds se o PT voltar ao poder.<\/p>\n\n\n\n<p>\u2013 Para onde o Brasil est\u00e1 indo? O nosso prezado presidente Lula apoiou o [Daniel] Ortega que persegue crist\u00e3os, prende padres. Uma persegui\u00e7\u00e3o religiosa sem tamanho. O que vai acontecer com o Brasil se esse ex-presidi\u00e1rio voltar para a cena do crime? E o [Geraldo] Alckmin? \u00c9 cat\u00f3lico, mas cantou at\u00e9 o hino da Internacional Socialista. \u00c9 a uni\u00e3o do tudo o que n\u00e3o presta no nosso pa\u00eds. N\u00e3o merecemos isso para a nossa p\u00e1tria \u2013 falou.<\/p>\n","protected":false},"excerpt":{"rendered":"<p>Neste domingo (28), os principais candidatos \u00e0 Presid\u00eancia da Rep\u00fablica participaram do primeiro debate presidencial de 2022. O evento \u00e9 organizado por um pool de empresas, formado pelas TVs Band e Cultura, pelo portal UOL e pelo jornal Folha de S\u00e3o Paulo. Em suas considera\u00e7\u00f5es finais, o presidente Jair Bolsonaro (PL), candidato \u00e0 reelei\u00e7\u00e3o, criticou [&hellip;]<\/p>\n","protected":false},"author":2,"featured_media":12280,"comment_status":"open","ping_status":"open","sticky":false,"template":"","format":"standard","meta":[],"categories":[4],"tags":[],"_links":{"self":[{"href":"https:\/\/dgospel.com.br\/portal\/index.php\/wp-json\/wp\/v2\/posts\/12279"}],"collection":[{"href":"https:\/\/dgospel.com.br\/portal\/index.php\/wp-json\/wp\/v2\/posts"}],"about":[{"href":"https:\/\/dgospel.com.br\/portal\/index.php\/wp-json\/wp\/v2\/types\/post"}],"author":[{"embeddable":true,"href":"https:\/\/dgospel.com.br\/portal\/index.php\/wp-json\/wp\/v2\/users\/2"}],"replies":[{"embeddable":true,"href":"https:\/\/dgospel.com.br\/portal\/index.php\/wp-json\/wp\/v2\/comments?post=12279"}],"version-history":[{"count":1,"href":"https:\/\/dgospel.com.br\/portal\/index.php\/wp-json\/wp\/v2\/posts\/12279\/revisions"}],"predecessor-version":[{"id":12281,"href":"https:\/\/dgospel.com.br\/portal\/index.php\/wp-json\/wp\/v2\/posts\/12279\/revisions\/12281"}],"wp:featuredmedia":[{"embeddable":true,"href":"https:\/\/dgospel.com.br\/portal\/index.php\/wp-json\/wp\/v2\/media\/12280"}],"wp:attachment":[{"href":"https:\/\/dgospel.com.br\/portal\/index.php\/wp-json\/wp\/v2\/media?parent=12279"}],"wp:term":[{"taxonomy":"category","embeddable":true,"href":"https:\/\/dgospel.com.br\/portal\/index.php\/wp-json\/wp\/v2\/categories?post=12279"},{"taxonomy":"post_tag","embeddable":true,"href":"https:\/\/dgospel.com.br\/portal\/index.php\/wp-json\/wp\/v2\/tags?post=12279"}],"curies":[{"name":"wp","href":"https:\/\/api.w.org\/{rel}","templated":true}]}}