{"id":1228,"date":"2018-09-05T15:23:14","date_gmt":"2018-09-05T18:23:14","guid":{"rendered":"http:\/\/dgospel.com.br\/portal\/?p=1228"},"modified":"2018-09-05T17:40:00","modified_gmt":"2018-09-05T20:40:00","slug":"cesar-halum-quer-aprovar-projeto-de-lei-que-isenta-cobranca-de-imposto-de-renda-sobre-13-e-ferias-do-trabalhador-brasileiro","status":"publish","type":"post","link":"https:\/\/dgospel.com.br\/portal\/index.php\/2018\/09\/05\/cesar-halum-quer-aprovar-projeto-de-lei-que-isenta-cobranca-de-imposto-de-renda-sobre-13-e-ferias-do-trabalhador-brasileiro\/","title":{"rendered":"C\u00e9sar Halum quer aprovar projeto de lei que isenta cobran\u00e7a de imposto de renda sobre 13\u00b0 e f\u00e9rias do trabalhador brasileiro"},"content":{"rendered":"<p>Extinguir a cobran\u00e7a de imposto de renda sobre o 13\u00ba sal\u00e1rio e o 1\/3 do abono de f\u00e9rias de todo trabalhador brasileiro \u00e9 a proposta de lei, de autoria de C\u00e9sar Halum (PRB), candidato a senador pela coliga\u00e7\u00e3o \u201cGoverno de Atitude\u201d, que est\u00e1 tramitando na Comiss\u00e3o de Constitui\u00e7\u00e3o, Justi\u00e7a e Reda\u00e7\u00e3o da C\u00e2mara Federal.<\/p>\n<p>&nbsp;<\/p>\n<p>\u201cN\u00e3o \u00e9 um projeto que estou fazendo para um amigo meu, \u00e9 um projeto para atender todos os trabalhadores brasileiros. Entendo que o 13\u00b0 \u00e9 uma premia\u00e7\u00e3o dada ao trabalhador, assim como o abono de f\u00e9rias e pagar imposto de renda sobre essas remunera\u00e7\u00e3o n\u00e3o \u00e9 justo\u201d, condena o candidato.<\/p>\n<p>&nbsp;<\/p>\n<p>O projeto j\u00e1 foi aprovado em outras comiss\u00f5es e Halum est\u00e1 confiante de que se tornar\u00e1 lei. \u201cTenho certeza que ser\u00e1 aprovado, pois essa comiss\u00e3o s\u00f3 analisa a constitucionalidade do projeto\u201d, confia.<\/p>\n<p>&nbsp;<\/p>\n<p>Halum assumiu que no Senado Federal ter\u00e1 mais for\u00e7a para lutar pelo Tocantins e sua popula\u00e7\u00e3o, j\u00e1 que as vagas de deputado federal na C\u00e2mara Federal s\u00e3o distribu\u00eddas conforme o n\u00famero de habitante de cada estado. \u201cS\u00e3o Paulo, por exemplo com mais de 45 milh\u00f5es de habitantes t\u00eam 70 deputados federais, o Tocantins com mais de 1,5 milh\u00e3o de habitante t\u00eam 8, j\u00e1 no Senado s\u00e3o 3 vagas por estado, por isso a nossa chance de igualar a disputa \u00e9 no Senado Federal\u201d, explica o candidato.<\/p>\n<p>&nbsp;<\/p>\n<p>&nbsp;<\/p>\n","protected":false},"excerpt":{"rendered":"<p>Extinguir a cobran\u00e7a de imposto de renda sobre o 13\u00ba sal\u00e1rio e o 1\/3 do abono de f\u00e9rias de todo trabalhador brasileiro \u00e9 a proposta de lei, de autoria de C\u00e9sar Halum (PRB), candidato a senador pela coliga\u00e7\u00e3o \u201cGoverno de Atitude\u201d, que est\u00e1 tramitando na Comiss\u00e3o de Constitui\u00e7\u00e3o, Justi\u00e7a e Reda\u00e7\u00e3o da C\u00e2mara Federal. &nbsp; [&hellip;]<\/p>\n","protected":false},"author":2,"featured_media":1229,"comment_status":"open","ping_status":"open","sticky":false,"template":"","format":"standard","meta":[],"categories":[2,4],"tags":[],"_links":{"self":[{"href":"https:\/\/dgospel.com.br\/portal\/index.php\/wp-json\/wp\/v2\/posts\/1228"}],"collection":[{"href":"https:\/\/dgospel.com.br\/portal\/index.php\/wp-json\/wp\/v2\/posts"}],"about":[{"href":"https:\/\/dgospel.com.br\/portal\/index.php\/wp-json\/wp\/v2\/types\/post"}],"author":[{"embeddable":true,"href":"https:\/\/dgospel.com.br\/portal\/index.php\/wp-json\/wp\/v2\/users\/2"}],"replies":[{"embeddable":true,"href":"https:\/\/dgospel.com.br\/portal\/index.php\/wp-json\/wp\/v2\/comments?post=1228"}],"version-history":[{"count":3,"href":"https:\/\/dgospel.com.br\/portal\/index.php\/wp-json\/wp\/v2\/posts\/1228\/revisions"}],"predecessor-version":[{"id":1235,"href":"https:\/\/dgospel.com.br\/portal\/index.php\/wp-json\/wp\/v2\/posts\/1228\/revisions\/1235"}],"wp:featuredmedia":[{"embeddable":true,"href":"https:\/\/dgospel.com.br\/portal\/index.php\/wp-json\/wp\/v2\/media\/1229"}],"wp:attachment":[{"href":"https:\/\/dgospel.com.br\/portal\/index.php\/wp-json\/wp\/v2\/media?parent=1228"}],"wp:term":[{"taxonomy":"category","embeddable":true,"href":"https:\/\/dgospel.com.br\/portal\/index.php\/wp-json\/wp\/v2\/categories?post=1228"},{"taxonomy":"post_tag","embeddable":true,"href":"https:\/\/dgospel.com.br\/portal\/index.php\/wp-json\/wp\/v2\/tags?post=1228"}],"curies":[{"name":"wp","href":"https:\/\/api.w.org\/{rel}","templated":true}]}}