{"id":12282,"date":"2022-08-29T19:34:10","date_gmt":"2022-08-29T22:34:10","guid":{"rendered":"http:\/\/dgospel.com.br\/portal\/?p=12282"},"modified":"2022-08-29T19:34:11","modified_gmt":"2022-08-29T22:34:11","slug":"perseguicao-gera-mais-de-tres-mil-cristaos-desaparecidos-no-mundo","status":"publish","type":"post","link":"https:\/\/dgospel.com.br\/portal\/index.php\/2022\/08\/29\/perseguicao-gera-mais-de-tres-mil-cristaos-desaparecidos-no-mundo\/","title":{"rendered":"Persegui\u00e7\u00e3o gera mais de tr\u00eas mil crist\u00e3os desaparecidos no mundo"},"content":{"rendered":"\n<p>Ser sequestrado ou \u201cdesaparecer do nada\u201d \u00e9 uma realidade t\u00e3o presente e desafiadora que a Organiza\u00e7\u00e3o das Na\u00e7\u00f5es Unidas escolheu uma data para destacar esse problema, o Dia Internacional das V\u00edtimas de Desaparecimentos For\u00e7ados (30\/08). Em apenas um ano, 3.829 crist\u00e3os foram sequestrados ou desapareceram em contexto de persegui\u00e7\u00e3o, de acordo com os dados da&nbsp;<a href=\"https:\/\/portasabertas.org.br\/lista-mundial\/violencia\" target=\"_blank\" rel=\"noreferrer noopener\">Lista Mundial da Persegui\u00e7\u00e3o 2022<\/a>.<\/p>\n\n\n\n<p>No mundo todo, crist\u00e3os simplesmente \u201csomem\u201d por causa da f\u00e9 em Jesus. Esposas e filhos ficam desamparados e fam\u00edlias angustiadas esperam a volta dos entes queridos. Os principais respons\u00e1veis pelos desaparecimentos for\u00e7ados s\u00e3o o Estado e os grupos extremistas que atacam repetidamente e escondem o paradeiro das v\u00edtimas.<\/p>\n\n\n\n<p><strong>Sumi\u00e7o repentino<\/strong><\/p>\n\n\n\n<p>O&nbsp;<a href=\"https:\/\/portasabertas.org.br\/artigos\/quem-e-o-pastor-raymond-koh\" target=\"_blank\" rel=\"noreferrer noopener\">pastor Raymond Koh<\/a>, por exemplo, desapareceu em fevereiro de 2017 na&nbsp;Mal\u00e1sia. Tudo que Susanna, a esposa dele, sabe \u00e9 que Koh foi raptado por 15 homens mascarados envolvidos com o governo. Ela ainda mant\u00e9m a esperan\u00e7a de reencontrar o marido, apesar da falta de novidades no caso. Al\u00e9m do pastor Koh, outros&nbsp;<a href=\"https:\/\/portasabertas.org.br\/noticias\/cristaos-perseguidos\/ore-pelo-casal-de-cristaos-desaparecido-na-malasia\" target=\"_blank\" rel=\"noreferrer noopener\">crist\u00e3os malaios<\/a>&nbsp;desapareceram da mesma forma. Isso mobilizou a popula\u00e7\u00e3o a pressionar o governo com marchas e cartazes solicitando uma resposta sobre o paradeiro das v\u00edtimas.<\/p>\n\n\n\n<p>Na&nbsp;<a href=\"https:\/\/portasabertas.org.br\/lista-mundial-da-perseguicao\/siria\" target=\"_blank\" rel=\"noreferrer noopener\">S\u00edria<\/a>, a crist\u00e3 Jina n\u00e3o sabe onde est\u00e1 o marido, Rober. Ele foi abordado por extremistas a caminho do trabalho, em mar\u00e7o de 2013. Quando se recusou a abandonar Jesus, ele foi sequestrado. Um colega que estava com Rober contou essa hist\u00f3ria para Jina e \u00e9 tudo que ela sabe.<\/p>\n\n\n\n<p>Por causa dos muitos anos sem not\u00edcias, Jina foi considerada vi\u00fava e precisa cuidar sozinha do filho, Apo, que tinha apenas um ano quando tudo aconteceu. Jina e Apo s\u00e3o benefici\u00e1rios de projetos do&nbsp;<a href=\"https:\/\/portasabertas.org.br\/noticias\/cristaos-perseguidos\/igrejas-historicas-como-centros-de-esperanca-na-siria\" target=\"_blank\" rel=\"noreferrer noopener\">Centro de Esperan\u00e7a<\/a>&nbsp;na S\u00edria e, apesar da falta de Rober, conseguiram o apoio e a orienta\u00e7\u00e3o de que precisavam.<\/p>\n\n\n\n<p><strong>Viol\u00eancia<\/strong><\/p>\n\n\n\n<p>Os ataques de extremistas na&nbsp;Nig\u00e9ria&nbsp;tamb\u00e9m causam o desaparecimento de crist\u00e3os. O exemplo mais conhecido s\u00e3o as<a href=\"https:\/\/portasabertas.org.br\/noticias\/cristaos-perseguidos\/sete-anos-de-agonia-desde-o-sequestro-das-filhas-de-chibok\" target=\"_blank\" rel=\"noreferrer noopener\">&nbsp;meninas de Chibok<\/a>. Em abril de 2014, 275 meninas foram raptadas pelo&nbsp;Boko Haram. Oito anos depois, ainda n\u00e3o se sabe o paradeiro nem o estado de 111 delas.&nbsp;<a href=\"https:\/\/portasabertas.org.br\/noticias\/cristaos-perseguidos\/duas-vitimas-de-chibok-foram-resgatadas\" target=\"_blank\" rel=\"noreferrer noopener\">Algumas meninas foram libertadas<\/a>, outras foram resgatadas em 2018, mas a d\u00favida sobre a situa\u00e7\u00e3o das meninas persiste.<\/p>\n\n\n\n<p>Em&nbsp;Bangladesh, a fam\u00edlia do crist\u00e3o&nbsp;<a href=\"https:\/\/portasabertas.org.br\/noticias\/cristaos-perseguidos\/bangladesh-cristao-e-atacado-e-expulso-de-casa-por-crer-em-jesus\" target=\"_blank\" rel=\"noreferrer noopener\">Jashim<\/a>&nbsp;tamb\u00e9m ficou desaparecida por quase duas semanas quando parentes mu\u00e7ulmanos atacaram a casa deles. A recupera\u00e7\u00e3o de Jashim ap\u00f3s as agress\u00f5es f\u00edsicas foi muito dif\u00edcil sem not\u00edcias sobre a esposa e os filhos. Parceiros locais da Portas Abertas se mobilizaram e<a href=\"https:\/\/portasabertas.org.br\/noticias\/cristaos-perseguidos\/jashim-sobrevive-aos-ataques-e-reencontra-a-familia-em-bangladesh\" target=\"_blank\" rel=\"noreferrer noopener\">&nbsp;conseguiram encontrar e resgatar a fam\u00edlia<\/a>, que, apesar da persegui\u00e7\u00e3o, continua confiando em Jesus.<\/p>\n\n\n\n<p><strong>Pedidos de ora\u00e7\u00e3o<\/strong><\/p>\n\n\n\n<ul><li>No Dia Internacional das V\u00edtimas de Desaparecimentos For\u00e7ados, interceda pelos crist\u00e3os sequestrados, para que mantenham a f\u00e9 em Jesus e sejam libertos o mais breve poss\u00edvel.<\/li><li>Pe\u00e7a a Deus pelas fam\u00edlias que aguardam not\u00edcias sobre crist\u00e3os desaparecidos. Que elas encontrem acolhimento e toda ajuda de que precisam.<\/li><li>Ore pelo Estado e pelos extremistas que perseguem os crist\u00e3os para que se arrependam e conhe\u00e7am uma nova vida com Jesus.<\/li><\/ul>\n","protected":false},"excerpt":{"rendered":"<p>Ser sequestrado ou \u201cdesaparecer do nada\u201d \u00e9 uma realidade t\u00e3o presente e desafiadora que a Organiza\u00e7\u00e3o das Na\u00e7\u00f5es Unidas escolheu uma data para destacar esse problema, o Dia Internacional das V\u00edtimas de Desaparecimentos For\u00e7ados (30\/08). Em apenas um ano, 3.829 crist\u00e3os foram sequestrados ou desapareceram em contexto de persegui\u00e7\u00e3o, de acordo com os dados da&nbsp;Lista [&hellip;]<\/p>\n","protected":false},"author":2,"featured_media":12283,"comment_status":"open","ping_status":"open","sticky":false,"template":"","format":"standard","meta":[],"categories":[5],"tags":[],"_links":{"self":[{"href":"https:\/\/dgospel.com.br\/portal\/index.php\/wp-json\/wp\/v2\/posts\/12282"}],"collection":[{"href":"https:\/\/dgospel.com.br\/portal\/index.php\/wp-json\/wp\/v2\/posts"}],"about":[{"href":"https:\/\/dgospel.com.br\/portal\/index.php\/wp-json\/wp\/v2\/types\/post"}],"author":[{"embeddable":true,"href":"https:\/\/dgospel.com.br\/portal\/index.php\/wp-json\/wp\/v2\/users\/2"}],"replies":[{"embeddable":true,"href":"https:\/\/dgospel.com.br\/portal\/index.php\/wp-json\/wp\/v2\/comments?post=12282"}],"version-history":[{"count":1,"href":"https:\/\/dgospel.com.br\/portal\/index.php\/wp-json\/wp\/v2\/posts\/12282\/revisions"}],"predecessor-version":[{"id":12284,"href":"https:\/\/dgospel.com.br\/portal\/index.php\/wp-json\/wp\/v2\/posts\/12282\/revisions\/12284"}],"wp:featuredmedia":[{"embeddable":true,"href":"https:\/\/dgospel.com.br\/portal\/index.php\/wp-json\/wp\/v2\/media\/12283"}],"wp:attachment":[{"href":"https:\/\/dgospel.com.br\/portal\/index.php\/wp-json\/wp\/v2\/media?parent=12282"}],"wp:term":[{"taxonomy":"category","embeddable":true,"href":"https:\/\/dgospel.com.br\/portal\/index.php\/wp-json\/wp\/v2\/categories?post=12282"},{"taxonomy":"post_tag","embeddable":true,"href":"https:\/\/dgospel.com.br\/portal\/index.php\/wp-json\/wp\/v2\/tags?post=12282"}],"curies":[{"name":"wp","href":"https:\/\/api.w.org\/{rel}","templated":true}]}}