{"id":12288,"date":"2022-08-29T20:58:35","date_gmt":"2022-08-29T23:58:35","guid":{"rendered":"http:\/\/dgospel.com.br\/portal\/?p=12288"},"modified":"2022-08-29T20:58:37","modified_gmt":"2022-08-29T23:58:37","slug":"brasil-gerou-218-902-empregos-formais-no-mes-de-julho","status":"publish","type":"post","link":"https:\/\/dgospel.com.br\/portal\/index.php\/2022\/08\/29\/brasil-gerou-218-902-empregos-formais-no-mes-de-julho\/","title":{"rendered":"Brasil gerou 218.902 empregos formais no m\u00eas de julho"},"content":{"rendered":"\n<p>O Brasil gerou 218.902 vagas de empregos com carteira assinada no m\u00eas de julho. No acumulado de 2022, foram gerados 1.560.896 empregos formais, conforme consta do Cadastro Geral de Empregados e Desempregados (Novo Caged) divulgado, nesta segunda-feira (29), pelo Minist\u00e9rio do Trabalho e Previd\u00eancia.<\/p>\n\n\n\n<p>Entre agosto de 2021 e julho de 2022 (\u00faltimos 12 meses), o saldo positivo ficou em 2.549.939 vagas geradas. Com isso, o estoque total de trabalhadores com carteira assinada est\u00e1 em 42.239.251. Ainda segundo o Caged, de julho de 2020 a julho de 2022, o saldo positivo est\u00e1 em 5.542.283 novos postos de trabalho \u201cdecorrentes de 43.141.648 admiss\u00f5es e 37.599.365 desligamentos no per\u00edodo\u201d.<\/p>\n\n\n\n<p>Os cinco segmentos analisados registraram saldos positivos em julho. O maior crescimento foi o de servi\u00e7os, que apresentou saldo positivo de 81.873 postos de trabalho formais. O grupamento ind\u00fastria registrou 50.503 novos postos; e o com\u00e9rcio gerou 38.574 vagas no m\u00eas.<\/p>\n\n\n\n<p>No acumulado do ano, a constru\u00e7\u00e3o civil foi o setor com melhor desempenho, ao registrar crescimento de 9,38% (ou 216.585 novos postos) no estoque de empregos formais. O segmento de servi\u00e7os gerou 874.203 vagas (alta de 4,56%), seguido pela ind\u00fastria, com 266.824 novos empregos (3,37%).<\/p>\n\n\n\n<p>S\u00e3o Paulo foi o estado que registrou, no m\u00eas, maior n\u00famero de empregos formais gerados: 67.009. O n\u00famero representa uma alta de 0,51%. J\u00e1 Minas Gerais agregou 19.060 novos postos (0,43%), e o Paran\u00e1 agregou mais 16.090 empregos formais (0,55%).<\/p>\n\n\n\n<p>\u2013 Do ponto de vista regional o grande destaque foi a Regi\u00e3o Norte, com um crescimento de 0,8% da for\u00e7a de trabalho, o maior crescimento relativo entre as cinco regi\u00f5es brasileiras \u2013 destacou o Minist\u00e9rio do Trabalho e Previd\u00eancia.<\/p>\n\n\n\n<p>Com rela\u00e7\u00e3o aos sal\u00e1rios, pelo segundo m\u00eas seguido observou-se aumento no sal\u00e1rio m\u00e9dio real de admiss\u00e3o. Na m\u00e9dia, o valor acertado ficou em R$ 1.926,54, o que representa uma alta de 0,80%.<\/p>\n\n\n\n<p>\u2013 Comparado ao m\u00eas anterior houve um acr\u00e9scimo real de R$ 15,31, sendo o maior crescimento verificado no setor do com\u00e9rcio, R$ 1.685,67, varia\u00e7\u00e3o de 1,95% \u2013 detalhou o levantamento.<\/p>\n\n\n\n<p>*Ag\u00eancia Brasil<\/p>\n","protected":false},"excerpt":{"rendered":"<p>O Brasil gerou 218.902 vagas de empregos com carteira assinada no m\u00eas de julho. No acumulado de 2022, foram gerados 1.560.896 empregos formais, conforme consta do Cadastro Geral de Empregados e Desempregados (Novo Caged) divulgado, nesta segunda-feira (29), pelo Minist\u00e9rio do Trabalho e Previd\u00eancia. Entre agosto de 2021 e julho de 2022 (\u00faltimos 12 meses), [&hellip;]<\/p>\n","protected":false},"author":2,"featured_media":12289,"comment_status":"open","ping_status":"open","sticky":false,"template":"","format":"standard","meta":[],"categories":[10],"tags":[13],"_links":{"self":[{"href":"https:\/\/dgospel.com.br\/portal\/index.php\/wp-json\/wp\/v2\/posts\/12288"}],"collection":[{"href":"https:\/\/dgospel.com.br\/portal\/index.php\/wp-json\/wp\/v2\/posts"}],"about":[{"href":"https:\/\/dgospel.com.br\/portal\/index.php\/wp-json\/wp\/v2\/types\/post"}],"author":[{"embeddable":true,"href":"https:\/\/dgospel.com.br\/portal\/index.php\/wp-json\/wp\/v2\/users\/2"}],"replies":[{"embeddable":true,"href":"https:\/\/dgospel.com.br\/portal\/index.php\/wp-json\/wp\/v2\/comments?post=12288"}],"version-history":[{"count":1,"href":"https:\/\/dgospel.com.br\/portal\/index.php\/wp-json\/wp\/v2\/posts\/12288\/revisions"}],"predecessor-version":[{"id":12290,"href":"https:\/\/dgospel.com.br\/portal\/index.php\/wp-json\/wp\/v2\/posts\/12288\/revisions\/12290"}],"wp:featuredmedia":[{"embeddable":true,"href":"https:\/\/dgospel.com.br\/portal\/index.php\/wp-json\/wp\/v2\/media\/12289"}],"wp:attachment":[{"href":"https:\/\/dgospel.com.br\/portal\/index.php\/wp-json\/wp\/v2\/media?parent=12288"}],"wp:term":[{"taxonomy":"category","embeddable":true,"href":"https:\/\/dgospel.com.br\/portal\/index.php\/wp-json\/wp\/v2\/categories?post=12288"},{"taxonomy":"post_tag","embeddable":true,"href":"https:\/\/dgospel.com.br\/portal\/index.php\/wp-json\/wp\/v2\/tags?post=12288"}],"curies":[{"name":"wp","href":"https:\/\/api.w.org\/{rel}","templated":true}]}}