{"id":12291,"date":"2022-08-30T07:32:40","date_gmt":"2022-08-30T10:32:40","guid":{"rendered":"http:\/\/dgospel.com.br\/portal\/?p=12291"},"modified":"2022-08-30T07:32:40","modified_gmt":"2022-08-30T10:32:40","slug":"marcelo-miranda-afirma-que-quer-voltar-a-assembleia-legislativa-para-estar-mais-perto-do-povo","status":"publish","type":"post","link":"https:\/\/dgospel.com.br\/portal\/index.php\/2022\/08\/30\/marcelo-miranda-afirma-que-quer-voltar-a-assembleia-legislativa-para-estar-mais-perto-do-povo\/","title":{"rendered":"Marcelo Miranda afirma que quer voltar \u00e0 Assembleia Legislativa para estar mais perto do povo"},"content":{"rendered":"\n<p>O candidato a deputado estadual Marcelo Miranda (MDB) afirmou nesta segunda-feira, 29, que vai voltar \u00e0 Assembleia Legislativa do Tocantins (Aleto) para estar mais pr\u00f3ximo das pessoas e das lideran\u00e7as pol\u00edticas, entre elas prefeitos (as) e vereadores (as). \u201cHoje, vejo que o Tocantins precisa ser reconstru\u00eddo de baixo para cima. Assim, entendo que como parlamentar poderei contribuir mais com o meu Estado\u201d, assegurou.<\/p>\n\n\n\n<p>Marcelo Miranda tem um amplo e reconhecido hist\u00f3rico na pol\u00edtica tocantinense. J\u00e1 foi deputado estadual, entre os anos de 1991 a 2003, ocasi\u00e3o em que assumiu a presid\u00eancia da Casa de Leis, e foi Governador do Estado por tr\u00eas vezes, quando marcou uma nova forma de governar e de tratar as pessoas, em especial os servidores p\u00fablicos, ficando sua gest\u00e3o reconhecida como \u201cModerna, Democr\u00e1tica e Humana\u201d.<\/p>\n\n\n\n<p>\u201cCom a minha experi\u00eancia tanto no Legislativo quanto no Executivo, quero ser um deputado que vai garantir governabilidade, com a responsabilidade de estar junto com o povo na Assembleia. Em toda a minha vida como homem p\u00fablico, nunca me afastei de perto das pessoas. Sou leal aos meus princ\u00edpios e ao meu prop\u00f3sito de mostrar que existe outra forma de se fazer pol\u00edtica, e isso inclui principalmente o respeito e a preocupa\u00e7\u00e3o que tenho com as pessoas, principalmente com as mais necessitadas\u201d, afirmou.<\/p>\n","protected":false},"excerpt":{"rendered":"<p>O candidato a deputado estadual Marcelo Miranda (MDB) afirmou nesta segunda-feira, 29, que vai voltar \u00e0 Assembleia Legislativa do Tocantins (Aleto) para estar mais pr\u00f3ximo das pessoas e das lideran\u00e7as pol\u00edticas, entre elas prefeitos (as) e vereadores (as). \u201cHoje, vejo que o Tocantins precisa ser reconstru\u00eddo de baixo para cima. Assim, entendo que como parlamentar [&hellip;]<\/p>\n","protected":false},"author":2,"featured_media":12292,"comment_status":"open","ping_status":"open","sticky":false,"template":"","format":"standard","meta":[],"categories":[4],"tags":[13],"_links":{"self":[{"href":"https:\/\/dgospel.com.br\/portal\/index.php\/wp-json\/wp\/v2\/posts\/12291"}],"collection":[{"href":"https:\/\/dgospel.com.br\/portal\/index.php\/wp-json\/wp\/v2\/posts"}],"about":[{"href":"https:\/\/dgospel.com.br\/portal\/index.php\/wp-json\/wp\/v2\/types\/post"}],"author":[{"embeddable":true,"href":"https:\/\/dgospel.com.br\/portal\/index.php\/wp-json\/wp\/v2\/users\/2"}],"replies":[{"embeddable":true,"href":"https:\/\/dgospel.com.br\/portal\/index.php\/wp-json\/wp\/v2\/comments?post=12291"}],"version-history":[{"count":1,"href":"https:\/\/dgospel.com.br\/portal\/index.php\/wp-json\/wp\/v2\/posts\/12291\/revisions"}],"predecessor-version":[{"id":12293,"href":"https:\/\/dgospel.com.br\/portal\/index.php\/wp-json\/wp\/v2\/posts\/12291\/revisions\/12293"}],"wp:featuredmedia":[{"embeddable":true,"href":"https:\/\/dgospel.com.br\/portal\/index.php\/wp-json\/wp\/v2\/media\/12292"}],"wp:attachment":[{"href":"https:\/\/dgospel.com.br\/portal\/index.php\/wp-json\/wp\/v2\/media?parent=12291"}],"wp:term":[{"taxonomy":"category","embeddable":true,"href":"https:\/\/dgospel.com.br\/portal\/index.php\/wp-json\/wp\/v2\/categories?post=12291"},{"taxonomy":"post_tag","embeddable":true,"href":"https:\/\/dgospel.com.br\/portal\/index.php\/wp-json\/wp\/v2\/tags?post=12291"}],"curies":[{"name":"wp","href":"https:\/\/api.w.org\/{rel}","templated":true}]}}