{"id":12294,"date":"2022-08-30T22:16:45","date_gmt":"2022-08-31T01:16:45","guid":{"rendered":"http:\/\/dgospel.com.br\/portal\/?p=12294"},"modified":"2022-08-31T11:59:14","modified_gmt":"2022-08-31T14:59:14","slug":"prefeitura-de-palmas-divulga-lista-de-veiculos-que-possuem-registros-de-infracoes-de-transito","status":"publish","type":"post","link":"https:\/\/dgospel.com.br\/portal\/index.php\/2022\/08\/30\/prefeitura-de-palmas-divulga-lista-de-veiculos-que-possuem-registros-de-infracoes-de-transito\/","title":{"rendered":"Prefeitura de Palmas divulga lista de ve\u00edculos que possuem registros de infra\u00e7\u00f5es de tr\u00e2nsito"},"content":{"rendered":"\n<p>A Prefeitura de Palmas divulgou no Di\u00e1rio&nbsp;Oficial edi\u00e7\u00e3o n\u00b03.052 desta segunda-feira, 29, a lista com os 1.323 ve\u00edculos que possuem registros de infra\u00e7\u00f5es de tr\u00e2nsito. O propriet\u00e1rio pode identificar a placa do ve\u00edculo, o auto e o c\u00f3digo da infra\u00e7\u00e3o e a data em que as irregularidades foram cometidas. Todas se referem a infra\u00e7\u00f5es praticadas em julho deste ano.<\/p>\n\n\n\n<p>De acordo com a Secretaria Municipal de Seguran\u00e7a e Mobilidade Urbana (Sesmu), o edital de notifica\u00e7\u00e3o de autua\u00e7\u00e3o de infra\u00e7\u00e3o de tr\u00e2nsito \u00e9 divulgado \u201cap\u00f3s esgotadas as tentativas de notifica\u00e7\u00e3o do infrator ou o propriet\u00e1rio do ve\u00edculo por meio postal e considerando os Autos de Infra\u00e7\u00f5es de Tr\u00e2nsito (AITs)\u201d.<\/p>\n\n\n\n<p>Ainda de acordo com o documento, os propriet\u00e1rios dos ve\u00edculos que estiverem irregulares ter\u00e3o o prazo de 30 dias, contados da data da publica\u00e7\u00e3o do Edital, para identificar o condutor infrator ou apresentar sua defesa nas centrais de atendimento do Resolve Palmas, caso julguem necess\u00e1rio.&nbsp;<\/p>\n\n\n\n<p>O detalhamento das infra\u00e7\u00f5es pode ser obtido no endere\u00e7o virtual https:\/\/www.palmas.to.gov.br\/portal\/servicos\/20<\/p>\n\n\n\n<p>O edital com as informa\u00e7\u00f5es dos ve\u00edculos irregulares pode ser acessado pelo site&nbsp;<a rel=\"noreferrer noopener\" target=\"_blank\" href=\"https:\/\/u27764309.ct.sendgrid.net\/ls\/click?upn=HWPfQVtHharE0ZVXEfySUbN75Qb159aLlaYUG66sH77BupxnyA8lxTT-2Boy4fNOa06dcnSo1Z-2F7l2JmpFhaiR1G-2Bnt2xKa0ANy01wx-2BZIZmtPbJpuVTLG8EmTCzaFlhdwIyQ8_dVP2-2BVLrOPjqemUez1UOS1On7qz8BMfLBK7UViN0-2BXflAf4x7nRJ0bZofs9wqRT2kOKlzQ7uev55FrZDwxV6-2BwQMwss3CT5OuF9bSvP5U7XnmX10UWRjG9J-2Fd6s9AAUs6UJKJ3MDPuWDzPSxzXL6FzIK4fQsdepvQ9qfyqXXYqAf7xYC499gdU-2BYd4Xn068EWZJ0qnboXxGTiKuJHB437gKTjbLjiJi6L5sPld6R4qw-3D\">Aqui.<\/a><\/p>\n","protected":false},"excerpt":{"rendered":"<p>A Prefeitura de Palmas divulgou no Di\u00e1rio&nbsp;Oficial edi\u00e7\u00e3o n\u00b03.052 desta segunda-feira, 29, a lista com os 1.323 ve\u00edculos que possuem registros de infra\u00e7\u00f5es de tr\u00e2nsito. O propriet\u00e1rio pode identificar a placa do ve\u00edculo, o auto e o c\u00f3digo da infra\u00e7\u00e3o e a data em que as irregularidades foram cometidas. Todas se referem a infra\u00e7\u00f5es praticadas [&hellip;]<\/p>\n","protected":false},"author":2,"featured_media":12295,"comment_status":"open","ping_status":"open","sticky":false,"template":"","format":"standard","meta":[],"categories":[3],"tags":[13],"_links":{"self":[{"href":"https:\/\/dgospel.com.br\/portal\/index.php\/wp-json\/wp\/v2\/posts\/12294"}],"collection":[{"href":"https:\/\/dgospel.com.br\/portal\/index.php\/wp-json\/wp\/v2\/posts"}],"about":[{"href":"https:\/\/dgospel.com.br\/portal\/index.php\/wp-json\/wp\/v2\/types\/post"}],"author":[{"embeddable":true,"href":"https:\/\/dgospel.com.br\/portal\/index.php\/wp-json\/wp\/v2\/users\/2"}],"replies":[{"embeddable":true,"href":"https:\/\/dgospel.com.br\/portal\/index.php\/wp-json\/wp\/v2\/comments?post=12294"}],"version-history":[{"count":1,"href":"https:\/\/dgospel.com.br\/portal\/index.php\/wp-json\/wp\/v2\/posts\/12294\/revisions"}],"predecessor-version":[{"id":12296,"href":"https:\/\/dgospel.com.br\/portal\/index.php\/wp-json\/wp\/v2\/posts\/12294\/revisions\/12296"}],"wp:featuredmedia":[{"embeddable":true,"href":"https:\/\/dgospel.com.br\/portal\/index.php\/wp-json\/wp\/v2\/media\/12295"}],"wp:attachment":[{"href":"https:\/\/dgospel.com.br\/portal\/index.php\/wp-json\/wp\/v2\/media?parent=12294"}],"wp:term":[{"taxonomy":"category","embeddable":true,"href":"https:\/\/dgospel.com.br\/portal\/index.php\/wp-json\/wp\/v2\/categories?post=12294"},{"taxonomy":"post_tag","embeddable":true,"href":"https:\/\/dgospel.com.br\/portal\/index.php\/wp-json\/wp\/v2\/tags?post=12294"}],"curies":[{"name":"wp","href":"https:\/\/api.w.org\/{rel}","templated":true}]}}