{"id":12298,"date":"2022-08-30T22:35:40","date_gmt":"2022-08-31T01:35:40","guid":{"rendered":"http:\/\/dgospel.com.br\/portal\/?p=12298"},"modified":"2022-08-30T22:35:42","modified_gmt":"2022-08-31T01:35:42","slug":"bolsonaro-explica-como-manter-auxilio-brasil-de-r-600-em-2023","status":"publish","type":"post","link":"https:\/\/dgospel.com.br\/portal\/index.php\/2022\/08\/30\/bolsonaro-explica-como-manter-auxilio-brasil-de-r-600-em-2023\/","title":{"rendered":"Bolsonaro explica como manter Aux\u00edlio Brasil de R$ 600 em 2023"},"content":{"rendered":"\n<p>Nesta ter\u00e7a-feira (30), o presidente Jair Bolsonaro participou de um evento promovido pela Uni\u00e3o Nacional de Entidades do Com\u00e9rcio e Servi\u00e7os (Unecs) e falou sobre suas propostas para o pr\u00f3ximo ano. Candidato \u00e0 reelei\u00e7\u00e3o, ele apontou que poderia manter o valor do Aux\u00edlio Brasil em R$ 600 com a venda de estatais.<\/p>\n\n\n\n<p>O tema foi abordado pelo presidente ao ser questionado por jornalistas sobre a prorroga\u00e7\u00e3o do valor extra em cima do benef\u00edcio. Inicialmente, o Aux\u00edlio Brasil foi definido como R$ 400. No entanto, uma Proposta de Emenda \u00e0 Constitui\u00e7\u00e3o (PEC) determinou o aumento em mais R$ 200 at\u00e9 o m\u00eas de dezembro.<\/p>\n\n\n\n<p>Bolsonaro, no entanto, garantiu que esse valor ser\u00e1 mantido no ano que vem.<\/p>\n\n\n\n<p>\u2013 A LDO (Lei de Diretrizes Or\u00e7ament\u00e1rias) \u00e9 algo fixo? N\u00e3o d\u00e1 para mudar? N\u00f3s temos programa de, ao vender estatais, complementar isso a\u00ed. Vai conseguir vender. Vai ter R$ 600 no ano que vem \u2013 pontuou.<\/p>\n","protected":false},"excerpt":{"rendered":"<p>Nesta ter\u00e7a-feira (30), o presidente Jair Bolsonaro participou de um evento promovido pela Uni\u00e3o Nacional de Entidades do Com\u00e9rcio e Servi\u00e7os (Unecs) e falou sobre suas propostas para o pr\u00f3ximo ano. Candidato \u00e0 reelei\u00e7\u00e3o, ele apontou que poderia manter o valor do Aux\u00edlio Brasil em R$ 600 com a venda de estatais. O tema foi [&hellip;]<\/p>\n","protected":false},"author":2,"featured_media":12299,"comment_status":"open","ping_status":"open","sticky":false,"template":"","format":"standard","meta":[],"categories":[10],"tags":[13],"_links":{"self":[{"href":"https:\/\/dgospel.com.br\/portal\/index.php\/wp-json\/wp\/v2\/posts\/12298"}],"collection":[{"href":"https:\/\/dgospel.com.br\/portal\/index.php\/wp-json\/wp\/v2\/posts"}],"about":[{"href":"https:\/\/dgospel.com.br\/portal\/index.php\/wp-json\/wp\/v2\/types\/post"}],"author":[{"embeddable":true,"href":"https:\/\/dgospel.com.br\/portal\/index.php\/wp-json\/wp\/v2\/users\/2"}],"replies":[{"embeddable":true,"href":"https:\/\/dgospel.com.br\/portal\/index.php\/wp-json\/wp\/v2\/comments?post=12298"}],"version-history":[{"count":1,"href":"https:\/\/dgospel.com.br\/portal\/index.php\/wp-json\/wp\/v2\/posts\/12298\/revisions"}],"predecessor-version":[{"id":12300,"href":"https:\/\/dgospel.com.br\/portal\/index.php\/wp-json\/wp\/v2\/posts\/12298\/revisions\/12300"}],"wp:featuredmedia":[{"embeddable":true,"href":"https:\/\/dgospel.com.br\/portal\/index.php\/wp-json\/wp\/v2\/media\/12299"}],"wp:attachment":[{"href":"https:\/\/dgospel.com.br\/portal\/index.php\/wp-json\/wp\/v2\/media?parent=12298"}],"wp:term":[{"taxonomy":"category","embeddable":true,"href":"https:\/\/dgospel.com.br\/portal\/index.php\/wp-json\/wp\/v2\/categories?post=12298"},{"taxonomy":"post_tag","embeddable":true,"href":"https:\/\/dgospel.com.br\/portal\/index.php\/wp-json\/wp\/v2\/tags?post=12298"}],"curies":[{"name":"wp","href":"https:\/\/api.w.org\/{rel}","templated":true}]}}