{"id":12301,"date":"2022-08-30T22:50:41","date_gmt":"2022-08-31T01:50:41","guid":{"rendered":"http:\/\/dgospel.com.br\/portal\/?p=12301"},"modified":"2022-08-30T22:50:42","modified_gmt":"2022-08-31T01:50:42","slug":"igreja-universal-lula-finge-que-nao-aprendeu-o-que-e-faccao","status":"publish","type":"post","link":"https:\/\/dgospel.com.br\/portal\/index.php\/2022\/08\/30\/igreja-universal-lula-finge-que-nao-aprendeu-o-que-e-faccao\/","title":{"rendered":"Igreja Universal: \u201cLula finge que n\u00e3o aprendeu o que \u00e9 fac\u00e7\u00e3o\u201d"},"content":{"rendered":"\n<p>No domingo (29), um texto publicado no site da Igreja Universal do Reino de Deus (IURD) criticou o ex-presidente Luiz In\u00e1cio Lula da Silva (PT). Em meados de agosto, o petista disse a uma r\u00e1dio de Minas que n\u00e3o \u00e9 \u201ccandidato de nenhuma fac\u00e7\u00e3o religiosa\u201d. As informa\u00e7\u00f5es s\u00e3o do UOL e do Estad\u00e3o.<\/p>\n\n\n\n<p>No texto, a igreja afirma que o petista \u201cn\u00e3o consegue conter a m\u00e1goa que sente das igrejas crist\u00e3s\u201d e que o l\u00edder petista \u201ctenta disfar\u00e7ar o preconceito que nutre contra os evang\u00e9licos e crist\u00e3os cat\u00f3licos\u201d.<\/p>\n\n\n\n<p>\u2013 O \u00f3dio do candidato \u00e0 Presid\u00eancia da Rep\u00fablica Luiz In\u00e1cio Lula da Silva contra os crist\u00e3os \u00e9 not\u00f3rio. O ex-presidi\u00e1rio n\u00e3o consegue conter a m\u00e1goa que sente das igrejas crist\u00e3s, por n\u00e3o conseguir o apoio delas para o seu projeto de retorno ao poder. Ele tenta disfar\u00e7ar o preconceito que nutre contra os evang\u00e9licos e crist\u00e3os cat\u00f3licos e fala que se ganhar as elei\u00e7\u00f5es vai tratar todos os credos religiosos de forma igualit\u00e1ria. Lula e todos os seus seguidores sempre desprezaram os evang\u00e9licos. Lula passou uma temporada na cadeia, por\u00e9m finge que n\u00e3o aprendeu o que \u00e9 fac\u00e7\u00e3o criminosa, mas vamos refrescar a mem\u00f3ria do ex-presidi\u00e1rio e de quem j\u00e1 n\u00e3o lembra mais de um emblem\u00e1tico caso de atua\u00e7\u00e3o de uma fac\u00e7\u00e3o criminosa \u2013 aponta ainda a publica\u00e7\u00e3o.<\/p>\n","protected":false},"excerpt":{"rendered":"<p>No domingo (29), um texto publicado no site da Igreja Universal do Reino de Deus (IURD) criticou o ex-presidente Luiz In\u00e1cio Lula da Silva (PT). Em meados de agosto, o petista disse a uma r\u00e1dio de Minas que n\u00e3o \u00e9 \u201ccandidato de nenhuma fac\u00e7\u00e3o religiosa\u201d. As informa\u00e7\u00f5es s\u00e3o do UOL e do Estad\u00e3o. No texto, [&hellip;]<\/p>\n","protected":false},"author":2,"featured_media":12302,"comment_status":"open","ping_status":"open","sticky":false,"template":"","format":"standard","meta":[],"categories":[5],"tags":[],"_links":{"self":[{"href":"https:\/\/dgospel.com.br\/portal\/index.php\/wp-json\/wp\/v2\/posts\/12301"}],"collection":[{"href":"https:\/\/dgospel.com.br\/portal\/index.php\/wp-json\/wp\/v2\/posts"}],"about":[{"href":"https:\/\/dgospel.com.br\/portal\/index.php\/wp-json\/wp\/v2\/types\/post"}],"author":[{"embeddable":true,"href":"https:\/\/dgospel.com.br\/portal\/index.php\/wp-json\/wp\/v2\/users\/2"}],"replies":[{"embeddable":true,"href":"https:\/\/dgospel.com.br\/portal\/index.php\/wp-json\/wp\/v2\/comments?post=12301"}],"version-history":[{"count":1,"href":"https:\/\/dgospel.com.br\/portal\/index.php\/wp-json\/wp\/v2\/posts\/12301\/revisions"}],"predecessor-version":[{"id":12303,"href":"https:\/\/dgospel.com.br\/portal\/index.php\/wp-json\/wp\/v2\/posts\/12301\/revisions\/12303"}],"wp:featuredmedia":[{"embeddable":true,"href":"https:\/\/dgospel.com.br\/portal\/index.php\/wp-json\/wp\/v2\/media\/12302"}],"wp:attachment":[{"href":"https:\/\/dgospel.com.br\/portal\/index.php\/wp-json\/wp\/v2\/media?parent=12301"}],"wp:term":[{"taxonomy":"category","embeddable":true,"href":"https:\/\/dgospel.com.br\/portal\/index.php\/wp-json\/wp\/v2\/categories?post=12301"},{"taxonomy":"post_tag","embeddable":true,"href":"https:\/\/dgospel.com.br\/portal\/index.php\/wp-json\/wp\/v2\/tags?post=12301"}],"curies":[{"name":"wp","href":"https:\/\/api.w.org\/{rel}","templated":true}]}}