{"id":12304,"date":"2022-08-30T22:57:22","date_gmt":"2022-08-31T01:57:22","guid":{"rendered":"http:\/\/dgospel.com.br\/portal\/?p=12304"},"modified":"2022-08-30T22:57:24","modified_gmt":"2022-08-31T01:57:24","slug":"primeira-dama-promove-cha-de-mulheres-no-palacio-do-alvorada","status":"publish","type":"post","link":"https:\/\/dgospel.com.br\/portal\/index.php\/2022\/08\/30\/primeira-dama-promove-cha-de-mulheres-no-palacio-do-alvorada\/","title":{"rendered":"Primeira-dama promove ch\u00e1 de mulheres no Pal\u00e1cio do Alvorada"},"content":{"rendered":"\n<p>Nesta ter\u00e7a-feira (30), a ministra Cristiane Britto e a primeira-dama Michelle Bolsonaro promoveram um ch\u00e1 de mulheres no Pal\u00e1cio da Alvorada. O encontro teve a presen\u00e7a do presidente Jair Bolsonaro.<\/p>\n\n\n\n<p>As cantoras Cassiane, Sarah Farias, Eyshila, Fernanda Brum, Soraya Moraes, Ana N\u00f3brega e Fabiana Sinfr\u00f4nio participaram da reuni\u00e3o, assim como as pastoras Ezenete Rodrigues, Sarah Sheeva e Nani Alencar, e as bispas Sonia Hernandes e Dirce Carvalho, a vice-presidente do Grupo MK de Comunica\u00e7\u00e3o Cristina Xisto e a diretora da R\u00e1dio 93 FM Andrea Maier.<\/p>\n\n\n\n<p>Por meio dos stories do Instagram, Eyshila explicou que foi ao evento com o prop\u00f3sito de interceder para que a vontade de Deus se cumpra no Brasil.<\/p>\n\n\n\n<p>\u2013 \u00c9 uma alegria muito grande poder fazer parte desse momento hist\u00f3rico e prof\u00e9tico no Brasil. (\u2026) N\u00f3s acreditamos que chegou a vez do Brasil. Estamos aqui para declarar isso profeticamente. Vamos orar porque quando a Igreja ora, ela est\u00e1 manifestando, aqui na Terra, o reino de Deus. (\u2026) Estamos aqui no prop\u00f3sito de interceder para que a vontade do Senhor se realize na nossa na\u00e7\u00e3o \u2013 declarou.<\/p>\n\n\n\n<p>Al\u00e9m disso, ela e outras artistas cantaram alguns louvores.<\/p>\n\n\n\n<p>Ap\u00f3stola Valnice Milhomens orou pelo Brasil, pela vida do presidente, da primeira-dama e para que o Brasil n\u00e3o volte \u00e0s trevas. Cassiane deixou uma Palavra com base em Prov\u00e9rbios 29:2, que diz \u201cQuando os justos florescem, o povo se alegra; quando os \u00edmpios governam, o povo geme.\u201d<\/p>\n\n\n\n<p>Em seu discurso, a ministra Cristiane Britto destacou a import\u00e2ncia das mulheres crist\u00e3s conservadoras e das lideran\u00e7as presentes no evento. Ela tamb\u00e9m citou o texto b\u00edblico de Jeremias 22:3.<\/p>\n\n\n\n<p>\u2013 Queremos expressar livremente o nosso modo de pensar e nossa cren\u00e7a no Deus vivo. Queremos um pa\u00eds livre da viol\u00eancia, dos desrespeito e da intoler\u00e2ncia com quem ousa pensar diferente daquilo que \u00e9 propagado diariamente pela m\u00eddia e por parte dos segmentos art\u00edsticos. Queremos que seja garantida a liberdade para sermos n\u00f3s mesmos, para pensar do jeito que pensamos e podermos manifestar nossos valores sem medo de persegui\u00e7\u00e3o. E nada disso ser\u00e1 efetivado, de fato, sem a participa\u00e7\u00e3o da mulheres crist\u00e3s conservadoras, das lideran\u00e7as que est\u00e3o aqui presentes. Nossas fam\u00edlias precisam de voc\u00eas, nosso pa\u00eds precisa de voc\u00eas \u2013 falou.<\/p>\n\n\n\n<figure class=\"wp-block-image\"><img src=\"https:\/\/static.cdn.pleno.news\/2022\/08\/WhatsApp-Image-2022-08-30-at-19.06.42-768x441.jpeg\" alt=\"Primeira-dama promoveu ch\u00e1 de mulheres no Pal\u00e1cio do Alvorada\" title=\"Primeira-dama promoveu ch\u00e1 de mulheres no Pal\u00e1cio do Alvorada\"\/><figcaption>Primeira-dama promoveu ch\u00e1 de mulheres no Pal\u00e1cio do Alvorada&nbsp;\/ Foto: Pleno.News<\/figcaption><\/figure>\n\n\n\n<figure class=\"wp-block-image\"><img src=\"https:\/\/static.cdn.pleno.news\/2022\/08\/WhatsApp-Image-2022-08-30-at-19.06.40-768x614.jpeg\" alt=\"Primeira-dama promoveu ch\u00e1 de mulheres no Pal\u00e1cio do Alvorada\" title=\"Primeira-dama promoveu ch\u00e1 de mulheres no Pal\u00e1cio do Alvorada\"\/><figcaption>Primeira-dama promoveu ch\u00e1 de mulheres no Pal\u00e1cio do Alvorada&nbsp;\/ Foto: Pleno.News<\/figcaption><\/figure>\n\n\n\n<figure class=\"wp-block-image\"><img src=\"https:\/\/static.cdn.pleno.news\/2022\/08\/WhatsApp-Image-2022-08-30-at-19.06.40-1-768x614.jpeg\" alt=\"Primeira-dama promoveu ch\u00e1 de mulheres no Pal\u00e1cio do Alvorada\" title=\"Primeira-dama promoveu ch\u00e1 de mulheres no Pal\u00e1cio do Alvorada\"\/><figcaption>Primeira-dama promoveu ch\u00e1 de mulheres no Pal\u00e1cio do Alvorada&nbsp;\/ Foto: Pleno.News<\/figcaption><\/figure>\n\n\n\n<figure class=\"wp-block-image\"><img src=\"https:\/\/static.cdn.pleno.news\/2022\/08\/WhatsApp-Image-2022-08-30-at-19.06.38-768x575.jpeg\" alt=\"Primeira-dama promoveu ch\u00e1 de mulheres no Pal\u00e1cio do Alvorada\" title=\"Primeira-dama promoveu ch\u00e1 de mulheres no Pal\u00e1cio do Alvorada\"\/><figcaption>Primeira-dama promoveu ch\u00e1 de mulheres no Pal\u00e1cio do Alvorada&nbsp;\/ Foto: Pleno.News<\/figcaption><\/figure>\n\n\n\n<figure class=\"wp-block-image\"><img src=\"https:\/\/static.cdn.pleno.news\/2022\/08\/WhatsApp-Image-2022-08-30-at-19.06.37-768x575.jpeg\" alt=\"Primeira-dama promoveu ch\u00e1 de mulheres no Pal\u00e1cio do Alvorada\" title=\"Primeira-dama promoveu ch\u00e1 de mulheres no Pal\u00e1cio do Alvorada\"\/><figcaption>Primeira-dama promoveu ch\u00e1 de mulheres no Pal\u00e1cio do Alvorada&nbsp;\/ Foto: Pleno.News<\/figcaption><\/figure>\n\n\n\n<figure class=\"wp-block-image\"><img src=\"https:\/\/static.cdn.pleno.news\/2022\/08\/WhatsApp-Image-2022-08-30-at-19.09.36-768x612.jpeg\" alt=\"Primeira-dama promoveu ch\u00e1 de mulheres no Pal\u00e1cio do Alvorada\" title=\"Primeira-dama promoveu ch\u00e1 de mulheres no Pal\u00e1cio do Alvorada\"\/><figcaption>Primeira-dama promoveu ch\u00e1 de mulheres no Pal\u00e1cio do Alvorada&nbsp;\/ Foto: Reprodu\u00e7\u00e3o<\/figcaption><\/figure>\n\n\n\n<figure class=\"wp-block-image\"><img src=\"https:\/\/static.cdn.pleno.news\/2022\/08\/WhatsApp-Image-2022-08-30-at-19.09.34-1-768x614.jpeg\" alt=\"Primeira-dama promoveu ch\u00e1 de mulheres no Pal\u00e1cio do Alvorada\" title=\"Primeira-dama promoveu ch\u00e1 de mulheres no Pal\u00e1cio do Alvorada\"\/><figcaption>Primeira-dama promoveu ch\u00e1 de mulheres no Pal\u00e1cio do Alvorada&nbsp;\/ Foto: Reprodu\u00e7\u00e3o<\/figcaption><\/figure>\n\n\n\n<figure class=\"wp-block-image\"><img src=\"https:\/\/static.cdn.pleno.news\/2022\/08\/WhatsApp-Image-2022-08-30-at-19.09.34-768x576.jpeg\" alt=\"Primeira-dama promoveu ch\u00e1 de mulheres no Pal\u00e1cio do Alvorada\" title=\"Primeira-dama promoveu ch\u00e1 de mulheres no Pal\u00e1cio do Alvorada\"\/><figcaption>Primeira-dama promoveu ch\u00e1 de mulheres no Pal\u00e1cio do Alvorada&nbsp;\/ Foto: Reprodu\u00e7\u00e3o<\/figcaption><\/figure>\n\n\n\n<figure class=\"wp-block-image\"><img src=\"https:\/\/static.cdn.pleno.news\/2022\/08\/WhatsApp-Image-2022-08-30-at-19.58.40-768x430.jpeg\" alt=\"Primeira-dama promoveu ch\u00e1 de mulheres no Pal\u00e1cio do Alvorada\" title=\"Primeira-dama promoveu ch\u00e1 de mulheres no Pal\u00e1cio do Alvorada\"\/><figcaption>Primeira-dama promoveu ch\u00e1 de mulheres no Pal\u00e1cio do Alvorada&nbsp;\/ Foto: Reprodu\u00e7\u00e3o<\/figcaption><\/figure>\n\n\n\n<figure class=\"wp-block-image\"><img src=\"https:\/\/static.cdn.pleno.news\/2022\/08\/WhatsApp-Image-2022-08-30-at-19.58.25-768x595.jpeg\" alt=\"Primeira-dama promoveu ch\u00e1 de mulheres no Pal\u00e1cio do Alvorada\" title=\"Primeira-dama promoveu ch\u00e1 de mulheres no Pal\u00e1cio do Alvorada\"\/><figcaption>Primeira-dama promoveu ch\u00e1 de mulheres no Pal\u00e1cio do Alvorada&nbsp;\/ Foto: Reprodu\u00e7\u00e3o<\/figcaption><\/figure>\n\n\n\n<figure class=\"wp-block-image\"><img src=\"https:\/\/static.cdn.pleno.news\/2022\/08\/WhatsApp-Image-2022-08-30-at-19.58.10-768x623.jpeg\" alt=\"Primeira-dama promoveu ch\u00e1 de mulheres no Pal\u00e1cio do Alvorada\" title=\"Primeira-dama promoveu ch\u00e1 de mulheres no Pal\u00e1cio do Alvorada\"\/><figcaption>Primeira-dama promoveu ch\u00e1 de mulheres no Pal\u00e1cio do Alvorada&nbsp;\/ Foto: Reprodu\u00e7\u00e3o<\/figcaption><\/figure>\n\n\n\n<figure class=\"wp-block-image\"><img src=\"https:\/\/static.cdn.pleno.news\/2022\/08\/WhatsApp-Image-2022-08-30-at-19.57.58-768x521.jpeg\" alt=\"Primeira-dama promoveu ch\u00e1 de mulheres no Pal\u00e1cio do Alvorada\" title=\"Primeira-dama promoveu ch\u00e1 de mulheres no Pal\u00e1cio do Alvorada\"\/><figcaption>Primeira-dama promoveu ch\u00e1 de mulheres no Pal\u00e1cio do Alvorada&nbsp;<\/figcaption><\/figure>\n\n\n\n<p><\/p>\n","protected":false},"excerpt":{"rendered":"<p>Nesta ter\u00e7a-feira (30), a ministra Cristiane Britto e a primeira-dama Michelle Bolsonaro promoveram um ch\u00e1 de mulheres no Pal\u00e1cio da Alvorada. O encontro teve a presen\u00e7a do presidente Jair Bolsonaro. As cantoras Cassiane, Sarah Farias, Eyshila, Fernanda Brum, Soraya Moraes, Ana N\u00f3brega e Fabiana Sinfr\u00f4nio participaram da reuni\u00e3o, assim como as pastoras Ezenete Rodrigues, Sarah [&hellip;]<\/p>\n","protected":false},"author":2,"featured_media":12305,"comment_status":"open","ping_status":"open","sticky":false,"template":"","format":"standard","meta":[],"categories":[5],"tags":[],"_links":{"self":[{"href":"https:\/\/dgospel.com.br\/portal\/index.php\/wp-json\/wp\/v2\/posts\/12304"}],"collection":[{"href":"https:\/\/dgospel.com.br\/portal\/index.php\/wp-json\/wp\/v2\/posts"}],"about":[{"href":"https:\/\/dgospel.com.br\/portal\/index.php\/wp-json\/wp\/v2\/types\/post"}],"author":[{"embeddable":true,"href":"https:\/\/dgospel.com.br\/portal\/index.php\/wp-json\/wp\/v2\/users\/2"}],"replies":[{"embeddable":true,"href":"https:\/\/dgospel.com.br\/portal\/index.php\/wp-json\/wp\/v2\/comments?post=12304"}],"version-history":[{"count":1,"href":"https:\/\/dgospel.com.br\/portal\/index.php\/wp-json\/wp\/v2\/posts\/12304\/revisions"}],"predecessor-version":[{"id":12306,"href":"https:\/\/dgospel.com.br\/portal\/index.php\/wp-json\/wp\/v2\/posts\/12304\/revisions\/12306"}],"wp:featuredmedia":[{"embeddable":true,"href":"https:\/\/dgospel.com.br\/portal\/index.php\/wp-json\/wp\/v2\/media\/12305"}],"wp:attachment":[{"href":"https:\/\/dgospel.com.br\/portal\/index.php\/wp-json\/wp\/v2\/media?parent=12304"}],"wp:term":[{"taxonomy":"category","embeddable":true,"href":"https:\/\/dgospel.com.br\/portal\/index.php\/wp-json\/wp\/v2\/categories?post=12304"},{"taxonomy":"post_tag","embeddable":true,"href":"https:\/\/dgospel.com.br\/portal\/index.php\/wp-json\/wp\/v2\/tags?post=12304"}],"curies":[{"name":"wp","href":"https:\/\/api.w.org\/{rel}","templated":true}]}}