{"id":12311,"date":"2022-09-01T11:55:47","date_gmt":"2022-09-01T14:55:47","guid":{"rendered":"http:\/\/dgospel.com.br\/portal\/?p=12311"},"modified":"2022-09-01T11:55:49","modified_gmt":"2022-09-01T14:55:49","slug":"gipao-ganha-importante-apoio-na-corrida-por-uma-cadeira-de-deputado-estadual-do-secretario-e-da-presidente-da-funamc","status":"publish","type":"post","link":"https:\/\/dgospel.com.br\/portal\/index.php\/2022\/09\/01\/gipao-ganha-importante-apoio-na-corrida-por-uma-cadeira-de-deputado-estadual-do-secretario-e-da-presidente-da-funamc\/","title":{"rendered":"Gip\u00e3o ganha importante apoio na corrida por uma cadeira de deputado estadual do secret\u00e1rio e da presidente da Funamc"},"content":{"rendered":"\n<p>O secret\u00e1rio da Funda\u00e7\u00e3o de Atividade Municipal Comunit\u00e1ria (Funamc), Neif Rocha Queiroz Gomes e sua presidente, N\u00fabia Marinho, declararam apoio ao candidato a deputado estadual Gip\u00e3o. O candidato segue despontando no cen\u00e1rio estadual e com esse refor\u00e7o que chega de Aragua\u00edna, a possibilidade de Gip\u00e3o consolidar seu nome para estar entre os eleitos que assumir\u00e3o uma cadeira na Assembleia Legislativa do Tocantins torna-se ainda mais concreta.<\/p>\n\n\n\n<p>A campanha de Gip\u00e3o registra uma constante crescente e o apoio desses dois nomes que est\u00e3o \u00e0 frente da Funamc refor\u00e7a ainda mais o grupo do candidato na chapa de Ronaldo Dimas, candidato a governador.<\/p>\n\n\n\n<p>O secret\u00e1rio Neif foi escolhido para assumir a superintend\u00eancia da pasta ainda no in\u00edcio da gest\u00e3o do prefeito Wagner Rodrigues. O cirurgi\u00e3o ,dentista de 31 anos, natural de Nanuque-MG, veio para Aragua\u00edna em 2009 para estudar odontologia.<\/p>\n\n\n\n<p>Trabalhou em sua na \u00e1rea de forma\u00e7\u00e3o entre 2014 e 2018, at\u00e9 assumir a coordena\u00e7\u00e3o odontol\u00f3gica do Munic\u00edpio de Aragua\u00edna, em 2019. Em agosto de 2020, tornou-se secret\u00e1rio executivo na Secretaria da Assist\u00eancia Social, Trabalho e Habita\u00e7\u00e3o, desenvolvendo um excelente trabalho junto \u00e0 comunidade.<\/p>\n\n\n\n<p>Neif aponta como motiva\u00e7\u00e3o de sua declara\u00e7\u00e3o de apoio o fato de o candidato ser ficha limpa e a busca da expans\u00e3o de seu trabalho realizado em Aragua\u00edna, quando esteve vereador por cinco mandatos consecutivos.<\/p>\n\n\n\n<p>\u201cMeu apoio foi decidido ao candidato a deputado estadual Gip\u00e3o, pela necessidade de proporcionar a expans\u00e3o da sua atua\u00e7\u00e3o pol\u00edtica, que durante os 5 mandatos de vereador, teve uma trajet\u00f3ria limpa e atuante. Ele trabalhou integralmente por Aragua\u00edna e agora ter\u00e1 a possibilidade de trazer mais recursos para c\u00e1, al\u00e9m de proporcionar seus servi\u00e7os a todo o nosso amado estado do Tocantins\u201d, destacou o secret\u00e1rio.<\/p>\n\n\n\n<p>J\u00e1 a presidente do \u00f3rg\u00e3o municipal, que tamb\u00e9m \u00e9 jornalista e pedagoga, Nubia Marinho, destacou a caminhada e projeto do candidato. Ela \u00e9 herdeira de um forte legado pol\u00edtico do saudoso m\u00e9dico Raimundo Gomes Marinho, mais conhecido como Dr. Marinho. Seu pai foi pioneiro n\u00e3o s\u00f3 na sa\u00fade, mas tamb\u00e9m na pol\u00edtica, chegando a ser eleito o terceiro prefeito de Aragua\u00edna.<\/p>\n\n\n\n<p>Seu av\u00f4, Darci Marinho, tamb\u00e9m foi deputado pelo estado de Goi\u00e1s e lutou ao lado de Siqueira Campos para que a regi\u00e3o norte, hoje Tocantins, se tornasse independente. Nubia Marinho est\u00e1 na presid\u00eancia da funamc desde 2016 e j\u00e1 ocupou outros cargos na assist\u00eancia social.<\/p>\n\n\n\n<p>\u201cV\u00e1rios nomes foram lan\u00e7ados para concorrer a uma vaga na assembleia legislativa neste ano de 2022 e a escolha do Gip\u00e3o \u00e9 muito simples: \u00e9 um companheiro que vem com o grupo de muito tempo, tem um nome e com certeza ter\u00e1 o seu lugar reservado l\u00e1 na assembleia para fortalecer o nosso governador Ronaldo Dimas. Temos que levar homens fortes, s\u00e1bios, inteligentes para ocuparem as vagas. E o nosso estado precisa tanto de deputados estaduais como de governador, para colocar este estado nos trilhos\u201d, ressaltou.<\/p>\n\n\n\n<p>Relembre<\/p>\n\n\n\n<p>No dia em que marcou o in\u00edcio da campanha eleitoral em todo pa\u00eds, 16 de agosto. Gip\u00e3o recebeu o apoio de outro importante secret\u00e1rio da gest\u00e3o de Wagner Rodrigues.<br>O professor Jos\u00e9 da Guia, que atualmente responde pela da Secretaria da Assist\u00eancia Social, Trabalho e Habita\u00e7\u00e3o, escolheu a data para oficializar seu apoio. Jos\u00e9 da Guia \u00e9 formado em Letras pela Unitins, p\u00f3s-graduado em Gest\u00e3o Educacional e mestrando em Ci\u00eancias da Educa\u00e7\u00e3o. Foi membro da Comiss\u00e3o Regional de Avalia\u00e7\u00e3o Pr\u00eamio Gest\u00e3o e da Comiss\u00e3o Regional no Processo Seletivo de Coordenadores e Gestores Escolart.<\/p>\n","protected":false},"excerpt":{"rendered":"<p>O secret\u00e1rio da Funda\u00e7\u00e3o de Atividade Municipal Comunit\u00e1ria (Funamc), Neif Rocha Queiroz Gomes e sua presidente, N\u00fabia Marinho, declararam apoio ao candidato a deputado estadual Gip\u00e3o. O candidato segue despontando no cen\u00e1rio estadual e com esse refor\u00e7o que chega de Aragua\u00edna, a possibilidade de Gip\u00e3o consolidar seu nome para estar entre os eleitos que assumir\u00e3o [&hellip;]<\/p>\n","protected":false},"author":2,"featured_media":12312,"comment_status":"open","ping_status":"open","sticky":false,"template":"","format":"standard","meta":[],"categories":[4],"tags":[],"_links":{"self":[{"href":"https:\/\/dgospel.com.br\/portal\/index.php\/wp-json\/wp\/v2\/posts\/12311"}],"collection":[{"href":"https:\/\/dgospel.com.br\/portal\/index.php\/wp-json\/wp\/v2\/posts"}],"about":[{"href":"https:\/\/dgospel.com.br\/portal\/index.php\/wp-json\/wp\/v2\/types\/post"}],"author":[{"embeddable":true,"href":"https:\/\/dgospel.com.br\/portal\/index.php\/wp-json\/wp\/v2\/users\/2"}],"replies":[{"embeddable":true,"href":"https:\/\/dgospel.com.br\/portal\/index.php\/wp-json\/wp\/v2\/comments?post=12311"}],"version-history":[{"count":1,"href":"https:\/\/dgospel.com.br\/portal\/index.php\/wp-json\/wp\/v2\/posts\/12311\/revisions"}],"predecessor-version":[{"id":12313,"href":"https:\/\/dgospel.com.br\/portal\/index.php\/wp-json\/wp\/v2\/posts\/12311\/revisions\/12313"}],"wp:featuredmedia":[{"embeddable":true,"href":"https:\/\/dgospel.com.br\/portal\/index.php\/wp-json\/wp\/v2\/media\/12312"}],"wp:attachment":[{"href":"https:\/\/dgospel.com.br\/portal\/index.php\/wp-json\/wp\/v2\/media?parent=12311"}],"wp:term":[{"taxonomy":"category","embeddable":true,"href":"https:\/\/dgospel.com.br\/portal\/index.php\/wp-json\/wp\/v2\/categories?post=12311"},{"taxonomy":"post_tag","embeddable":true,"href":"https:\/\/dgospel.com.br\/portal\/index.php\/wp-json\/wp\/v2\/tags?post=12311"}],"curies":[{"name":"wp","href":"https:\/\/api.w.org\/{rel}","templated":true}]}}