{"id":12314,"date":"2022-09-02T07:36:33","date_gmt":"2022-09-02T10:36:33","guid":{"rendered":"http:\/\/dgospel.com.br\/portal\/?p=12314"},"modified":"2022-09-02T07:36:35","modified_gmt":"2022-09-02T10:36:35","slug":"capital-registra-10-174-casos-de-dengue-e-2-413-de-chikungunya-neste-ano","status":"publish","type":"post","link":"https:\/\/dgospel.com.br\/portal\/index.php\/2022\/09\/02\/capital-registra-10-174-casos-de-dengue-e-2-413-de-chikungunya-neste-ano\/","title":{"rendered":"Capital registra 10.174 casos de dengue e 2.413 de chikungunya neste ano"},"content":{"rendered":"\n<p>Do dia 1\u00ba de janeiro a 1\u00ba de setembro deste ano, Palmas registrou 10.174 casos confirmados de dengue e 2.413 de chikungunya. &nbsp;No mesmo per\u00edodo, a Capital confirmou o diagn\u00f3stico de quatro casos de zika v\u00edrus. N\u00e3o h\u00e1 confirma\u00e7\u00e3o de febre amarela at\u00e9 o momento. Os dados s\u00e3o do Monitoramento Semanal das Arboviroses da Secretaria Municipal da Sa\u00fade (Semus) e est\u00e3o sujeitos a altera\u00e7\u00f5es.<\/p>\n\n\n\n<p>Sobre os casos suspeitos informados no mesmo per\u00edodo, o boletim mostra que a Capital notificou 20.979 casos suspeitos de dengue, 5.250 de chikungunya, 783 de zika e, ainda, sete casos de febre amarela.<\/p>\n\n\n\n<p>Na \u00faltima semana epidemiol\u00f3gica, de 21 a 27 de agosto, foram notificados como suspeitos 127 casos de dengue, 35 casos de chikungunya e dez&nbsp;de zika. N\u00e3o h\u00e1 suspeitos para febre amarela.<\/p>\n\n\n\n<p>Na semana anterior, de 14 a 20 de agosto, foram notificados como suspeitos 178 casos de dengue, 60 casos de chikungunya e tr\u00eas&nbsp;de zika. Assim como na \u00faltima semana, n\u00e3o houve suspeitas de febre amarela.<\/p>\n\n\n\n<p><strong>Ano passado<\/strong><\/p>\n\n\n\n<p>Em rela\u00e7\u00e3o ao mesmo per\u00edodo em 2021, a Capital investigava 2.410 casos de dengue, 178 de chikungunya, 167 de zika v\u00edrus e quatro de febre amarela, sendo que foram confirmados 1.076 casos de dengue, 20 de chikungunya e nove de zika v\u00edrus. N\u00e3o houve confirma\u00e7\u00e3o para as suspeitas de febre amarela. Mais informa\u00e7\u00f5es podem ser conferidas no&nbsp;<a rel=\"noreferrer noopener\" target=\"_blank\" href=\"https:\/\/u27764309.ct.sendgrid.net\/ls\/click?upn=HWPfQVtHharE0ZVXEfySURU78pd94xq9-2BZLsE2ZRfmKa9lJUIzj0pbJWvgeDvqKFqkUdtjJhuwrq5ryjho2bP0vf-2FKToJtNTruRqHMiqF-2BUBCOOIPymkxjmyM-2B0-2BBYGImqPWPuDTgo6Mvk2UO-2BON7A-3D-3DXnW-_dVP2-2BVLrOPjqemUez1UOS1On7qz8BMfLBK7UViN0-2BXfptfFivgseZ9XOmKQg6Ca-2Be1rGjBbqLBrYUNMkNy-2BzZMFVEiSsp9CFRdS0L7HfNfV44BEc8Gv9LELkY-2F-2Fz-2B9wfp5zivJRA4g7Zf3U07DSWSAJJrXtwtKkDV35ZTgj9jOVrNiib0vvHEMxKj8xhQz-2FdfA8xjmnd3gbPPHND44dSNO0vgAOcAz1R-2FlUsy848TVs-3D\">boletim semanal das arboviroses.<\/a><\/p>\n","protected":false},"excerpt":{"rendered":"<p>Do dia 1\u00ba de janeiro a 1\u00ba de setembro deste ano, Palmas registrou 10.174 casos confirmados de dengue e 2.413 de chikungunya. &nbsp;No mesmo per\u00edodo, a Capital confirmou o diagn\u00f3stico de quatro casos de zika v\u00edrus. N\u00e3o h\u00e1 confirma\u00e7\u00e3o de febre amarela at\u00e9 o momento. Os dados s\u00e3o do Monitoramento Semanal das Arboviroses da Secretaria [&hellip;]<\/p>\n","protected":false},"author":2,"featured_media":12315,"comment_status":"open","ping_status":"open","sticky":false,"template":"","format":"standard","meta":[],"categories":[3],"tags":[13],"_links":{"self":[{"href":"https:\/\/dgospel.com.br\/portal\/index.php\/wp-json\/wp\/v2\/posts\/12314"}],"collection":[{"href":"https:\/\/dgospel.com.br\/portal\/index.php\/wp-json\/wp\/v2\/posts"}],"about":[{"href":"https:\/\/dgospel.com.br\/portal\/index.php\/wp-json\/wp\/v2\/types\/post"}],"author":[{"embeddable":true,"href":"https:\/\/dgospel.com.br\/portal\/index.php\/wp-json\/wp\/v2\/users\/2"}],"replies":[{"embeddable":true,"href":"https:\/\/dgospel.com.br\/portal\/index.php\/wp-json\/wp\/v2\/comments?post=12314"}],"version-history":[{"count":1,"href":"https:\/\/dgospel.com.br\/portal\/index.php\/wp-json\/wp\/v2\/posts\/12314\/revisions"}],"predecessor-version":[{"id":12316,"href":"https:\/\/dgospel.com.br\/portal\/index.php\/wp-json\/wp\/v2\/posts\/12314\/revisions\/12316"}],"wp:featuredmedia":[{"embeddable":true,"href":"https:\/\/dgospel.com.br\/portal\/index.php\/wp-json\/wp\/v2\/media\/12315"}],"wp:attachment":[{"href":"https:\/\/dgospel.com.br\/portal\/index.php\/wp-json\/wp\/v2\/media?parent=12314"}],"wp:term":[{"taxonomy":"category","embeddable":true,"href":"https:\/\/dgospel.com.br\/portal\/index.php\/wp-json\/wp\/v2\/categories?post=12314"},{"taxonomy":"post_tag","embeddable":true,"href":"https:\/\/dgospel.com.br\/portal\/index.php\/wp-json\/wp\/v2\/tags?post=12314"}],"curies":[{"name":"wp","href":"https:\/\/api.w.org\/{rel}","templated":true}]}}