{"id":12320,"date":"2022-09-02T07:50:15","date_gmt":"2022-09-02T10:50:15","guid":{"rendered":"http:\/\/dgospel.com.br\/portal\/?p=12320"},"modified":"2022-09-02T07:50:16","modified_gmt":"2022-09-02T10:50:16","slug":"moraes-cria-o-servico-secreto-do-tse-para-atuar-nas-eleicoes","status":"publish","type":"post","link":"https:\/\/dgospel.com.br\/portal\/index.php\/2022\/09\/02\/moraes-cria-o-servico-secreto-do-tse-para-atuar-nas-eleicoes\/","title":{"rendered":"Moraes cria o \u201cservi\u00e7o secreto\u201d do TSE para atuar nas elei\u00e7\u00f5es"},"content":{"rendered":"\n<p>O ministro Alexandre de Moraes, presidente do Tribunal Superior Eleitoral (TSE), criou o N\u00facleo de Intelig\u00eancia da Corte a fim de \u201ccoletar dados e processar informa\u00e7\u00f5es de interesse da seguran\u00e7a p\u00fablica durante o per\u00edodo eleitoral de 2022\u201d. O grupo formado por sete pessoas ser\u00e1 uma esp\u00e9cie de \u201cservi\u00e7o secreto\u201d do TSE.<\/p>\n\n\n\n<p>O n\u00facleo vai agir, mediante dados coletados, adotando medidas para \u201crefrear a\u00e7\u00f5es que possam amea\u00e7ar a normalidade do pleito\u201d. Moraes assinou a portaria nesta ter\u00e7a-feira (30), e a publica\u00e7\u00e3o se deu nesta quinta (1\u00ba). A iniciativa surgiu durante a reuni\u00e3o entre o TSE e o Conselho Nacional de Comandantes Gerais das Pol\u00edcias Militares (CNCG), no \u00faltimo dia 24 de agosto.<\/p>\n\n\n\n<p>O grupo \u00e9 composto por Moraes, tr\u00eas representantes do TSE e comandantes das pol\u00edcias militares de Minas Gerais, Bahia e Distrito Federal.<\/p>\n\n\n\n<p>De acordo com o 3\u00ba artigo da portaria da Corte Eleitoral, o novo \u00f3rg\u00e3o ir\u00e1 produzir relat\u00f3rios e ter\u00e1 sua forma de atua\u00e7\u00e3o \u201cdefinida por seu presidente\u201d, Alexandre de Moraes. Papel semelhante j\u00e1 foi exercido em elei\u00e7\u00f5es passadas pela j\u00e1 existente Ag\u00eancia Brasileira de Intelig\u00eancia (Abin), em parceria com o TSE.<\/p>\n","protected":false},"excerpt":{"rendered":"<p>O ministro Alexandre de Moraes, presidente do Tribunal Superior Eleitoral (TSE), criou o N\u00facleo de Intelig\u00eancia da Corte a fim de \u201ccoletar dados e processar informa\u00e7\u00f5es de interesse da seguran\u00e7a p\u00fablica durante o per\u00edodo eleitoral de 2022\u201d. O grupo formado por sete pessoas ser\u00e1 uma esp\u00e9cie de \u201cservi\u00e7o secreto\u201d do TSE. O n\u00facleo vai agir, [&hellip;]<\/p>\n","protected":false},"author":2,"featured_media":12321,"comment_status":"open","ping_status":"open","sticky":false,"template":"","format":"standard","meta":[],"categories":[10],"tags":[],"_links":{"self":[{"href":"https:\/\/dgospel.com.br\/portal\/index.php\/wp-json\/wp\/v2\/posts\/12320"}],"collection":[{"href":"https:\/\/dgospel.com.br\/portal\/index.php\/wp-json\/wp\/v2\/posts"}],"about":[{"href":"https:\/\/dgospel.com.br\/portal\/index.php\/wp-json\/wp\/v2\/types\/post"}],"author":[{"embeddable":true,"href":"https:\/\/dgospel.com.br\/portal\/index.php\/wp-json\/wp\/v2\/users\/2"}],"replies":[{"embeddable":true,"href":"https:\/\/dgospel.com.br\/portal\/index.php\/wp-json\/wp\/v2\/comments?post=12320"}],"version-history":[{"count":1,"href":"https:\/\/dgospel.com.br\/portal\/index.php\/wp-json\/wp\/v2\/posts\/12320\/revisions"}],"predecessor-version":[{"id":12322,"href":"https:\/\/dgospel.com.br\/portal\/index.php\/wp-json\/wp\/v2\/posts\/12320\/revisions\/12322"}],"wp:featuredmedia":[{"embeddable":true,"href":"https:\/\/dgospel.com.br\/portal\/index.php\/wp-json\/wp\/v2\/media\/12321"}],"wp:attachment":[{"href":"https:\/\/dgospel.com.br\/portal\/index.php\/wp-json\/wp\/v2\/media?parent=12320"}],"wp:term":[{"taxonomy":"category","embeddable":true,"href":"https:\/\/dgospel.com.br\/portal\/index.php\/wp-json\/wp\/v2\/categories?post=12320"},{"taxonomy":"post_tag","embeddable":true,"href":"https:\/\/dgospel.com.br\/portal\/index.php\/wp-json\/wp\/v2\/tags?post=12320"}],"curies":[{"name":"wp","href":"https:\/\/api.w.org\/{rel}","templated":true}]}}