{"id":12323,"date":"2022-09-02T07:57:38","date_gmt":"2022-09-02T10:57:38","guid":{"rendered":"http:\/\/dgospel.com.br\/portal\/?p=12323"},"modified":"2022-09-02T07:57:39","modified_gmt":"2022-09-02T10:57:39","slug":"empresarios-alvos-de-moraes-ganham-1-minuto-de-silencio","status":"publish","type":"post","link":"https:\/\/dgospel.com.br\/portal\/index.php\/2022\/09\/02\/empresarios-alvos-de-moraes-ganham-1-minuto-de-silencio\/","title":{"rendered":"Empres\u00e1rios alvos de Moraes ganham 1 minuto de sil\u00eancio"},"content":{"rendered":"\n<p>Em um evento que tem o ministro da Economia, Paulo Guedes, como principal convidado, empres\u00e1rios fizeram um minuto de sil\u00eancio em nome da \u201cliberdade de express\u00e3o\u201d, como rea\u00e7\u00e3o \u00e0 opera\u00e7\u00e3o deflagrada ap\u00f3s autoriza\u00e7\u00e3o do ministro do Supremo Tribunal Federal (STF), Alexandre de Moraes, contra empres\u00e1rios aliados do presidente Jair Bolsonaro a partir de conversas em grupos de WhatsApp.<\/p>\n\n\n\n<p>O semin\u00e1rio, promovido pelo Instituto Unidos Brasil, que re\u00fane diversos empres\u00e1rios apoiadores do presidente, visa debater a desonera\u00e7\u00e3o dos sal\u00e1rios, uma das pautas defendidas pela entidade. A abertura do evento, por\u00e9m, foi marcada por duras cr\u00edticas \u00e0 opera\u00e7\u00e3o da Pol\u00edcia Federal autorizada por Moraes.<\/p>\n\n\n\n<p>\u2013 Por pior que sejam as opini\u00f5es em quest\u00e3o, manifestadas em um grupo privado, a defesa da livre manifesta\u00e7\u00e3o est\u00e1 no cerne de nossa democracia (\u2026). Cabe ao poder p\u00fablico fundamentar suas decis\u00f5es, quando preciso, e \u00e0 sociedade cobrar as autoridades em caso de evidente abuso do aparato judicial \u2013 discursou o presidente do IUB, Nabil Sahyoun.<\/p>\n\n\n\n<p>Em tom solene, ele pediu que todos se levantassem para o desagravo.<\/p>\n\n\n\n<p>\u2013 Eu queria pedir uma reflex\u00e3o, um minuto de sil\u00eancio. A gente tem que ter a nossa liberdade de express\u00e3o, eu entendo que ela \u00e9 inegoci\u00e1vel e n\u00f3s temos que respeitar e continuar lutando pelos nossos direitos \u2013 afirmou o empres\u00e1rio.<\/p>\n\n\n\n<p>No evento desta quinta-feira (1\u00ba), o ministro da Economia falar\u00e1 em um painel ao lado do empres\u00e1rio Flavio Rocha, da Riachuelo, que apoia o presidente Jair Bolsonaro e esteve com seus aliados no debate da TV Bandeirantes, e tamb\u00e9m do presidente da UGT (Uni\u00e3o Geral dos Trabalhadores), Ricardo Pattah, que tem sido um dos interlocutores da campanha do ex-presidente Luiz In\u00e1cio Lula da Silva \u00e0 Presid\u00eancia.<\/p>\n\n\n\n<p>O IUB tem entre seus membros, ainda, nomes como Jorge Gerdau: Alberto Saraiva, fundador do Habib\u2019s, e Jos\u00e9 Carlos Semenzato, do setor de franquias.<\/p>\n\n\n\n<p>Mesmo com nomes ligados ao bolsonarismo, como mostrou o Estad\u00e3o, o Instituto Unidos Brasil enviou um of\u00edcio a Lula para que ele comparecesse, em setembro, a um evento apoiado pela entidade com o setor de supermercados. Ainda n\u00e3o h\u00e1 data definida para tal encontro.<\/p>\n\n\n\n<p>O ex-presidente Lula tem se esquivado do compromisso e chegou a oferecer a presen\u00e7a do ex-governador Geraldo Alckmin (PSB), seu candidato a vice. Patah, entretanto, ainda tenta convencer o petista a comparecer.<\/p>\n\n\n\n<p>A declara\u00e7\u00e3o de Sahyoun aconteceu antes da chegada do ministro Paulo Guedes e fez com que a plateia prontamente atendesse ao pedido de desagravo.<\/p>\n\n\n\n<p>*AE<\/p>\n","protected":false},"excerpt":{"rendered":"<p>Em um evento que tem o ministro da Economia, Paulo Guedes, como principal convidado, empres\u00e1rios fizeram um minuto de sil\u00eancio em nome da \u201cliberdade de express\u00e3o\u201d, como rea\u00e7\u00e3o \u00e0 opera\u00e7\u00e3o deflagrada ap\u00f3s autoriza\u00e7\u00e3o do ministro do Supremo Tribunal Federal (STF), Alexandre de Moraes, contra empres\u00e1rios aliados do presidente Jair Bolsonaro a partir de conversas em [&hellip;]<\/p>\n","protected":false},"author":2,"featured_media":12324,"comment_status":"open","ping_status":"open","sticky":false,"template":"","format":"standard","meta":[],"categories":[10],"tags":[],"_links":{"self":[{"href":"https:\/\/dgospel.com.br\/portal\/index.php\/wp-json\/wp\/v2\/posts\/12323"}],"collection":[{"href":"https:\/\/dgospel.com.br\/portal\/index.php\/wp-json\/wp\/v2\/posts"}],"about":[{"href":"https:\/\/dgospel.com.br\/portal\/index.php\/wp-json\/wp\/v2\/types\/post"}],"author":[{"embeddable":true,"href":"https:\/\/dgospel.com.br\/portal\/index.php\/wp-json\/wp\/v2\/users\/2"}],"replies":[{"embeddable":true,"href":"https:\/\/dgospel.com.br\/portal\/index.php\/wp-json\/wp\/v2\/comments?post=12323"}],"version-history":[{"count":1,"href":"https:\/\/dgospel.com.br\/portal\/index.php\/wp-json\/wp\/v2\/posts\/12323\/revisions"}],"predecessor-version":[{"id":12325,"href":"https:\/\/dgospel.com.br\/portal\/index.php\/wp-json\/wp\/v2\/posts\/12323\/revisions\/12325"}],"wp:featuredmedia":[{"embeddable":true,"href":"https:\/\/dgospel.com.br\/portal\/index.php\/wp-json\/wp\/v2\/media\/12324"}],"wp:attachment":[{"href":"https:\/\/dgospel.com.br\/portal\/index.php\/wp-json\/wp\/v2\/media?parent=12323"}],"wp:term":[{"taxonomy":"category","embeddable":true,"href":"https:\/\/dgospel.com.br\/portal\/index.php\/wp-json\/wp\/v2\/categories?post=12323"},{"taxonomy":"post_tag","embeddable":true,"href":"https:\/\/dgospel.com.br\/portal\/index.php\/wp-json\/wp\/v2\/tags?post=12323"}],"curies":[{"name":"wp","href":"https:\/\/api.w.org\/{rel}","templated":true}]}}