{"id":12329,"date":"2022-09-02T08:07:02","date_gmt":"2022-09-02T11:07:02","guid":{"rendered":"http:\/\/dgospel.com.br\/portal\/?p=12329"},"modified":"2022-09-02T08:07:04","modified_gmt":"2022-09-02T11:07:04","slug":"simone-jesus-falou-comigo-poderosamente-e-chorei-muito","status":"publish","type":"post","link":"https:\/\/dgospel.com.br\/portal\/index.php\/2022\/09\/02\/simone-jesus-falou-comigo-poderosamente-e-chorei-muito\/","title":{"rendered":"Simone: \u201cJesus falou comigo poderosamente e chorei muito\u201d"},"content":{"rendered":"\n<p>Nesta quinta-feira (1\u00ba), a cantora Simone Mendes usou os stories do Instagram para falar sobre sua f\u00e9. Ela deu declara\u00e7\u00f5es ap\u00f3s ser questionada por uma f\u00e3 sobre a origem de sua for\u00e7a.<\/p>\n\n\n\n<p>\u2013 Sou bem forte, mas tem momentos que eu desabo. Ontem, meu Jesus falou comigo poderosamente e eu chorei muito-respondeu.<\/p>\n\n\n\n<p>Em agosto, as cantoras Simone e Simaria&nbsp;<a href=\"https:\/\/pleno.news\/entretenimento\/musica\/simone-e-simaria-anunciam-fim-da-dupla-e-seguirao-carreira-solo.html\" target=\"_blank\" rel=\"noreferrer noopener\">confirmaram<\/a>&nbsp;no Instagram o fim da dupla depois de meses de diverg\u00eancias. Todos os shows marcados ser\u00e3o cumpridos por Simone. As irm\u00e3s seguir\u00e3o em carreira solo.<\/p>\n\n\n\n<p>Segundo o site Not\u00edcias da TV, Simone ainda n\u00e3o tem data marcada para voltar a cantar sozinha, j\u00e1 que precisar\u00e1 cumprir agenda da dupla at\u00e9 domingo (4).<\/p>\n\n\n\n<figure class=\"wp-block-image\"><img src=\"https:\/\/static.cdn.pleno.news\/2022\/09\/Screenshot-2022-09-01T205619.106.png\" alt=\"\" class=\"wp-image-1004009\"\/><\/figure>\n","protected":false},"excerpt":{"rendered":"<p>Nesta quinta-feira (1\u00ba), a cantora Simone Mendes usou os stories do Instagram para falar sobre sua f\u00e9. Ela deu declara\u00e7\u00f5es ap\u00f3s ser questionada por uma f\u00e3 sobre a origem de sua for\u00e7a. \u2013 Sou bem forte, mas tem momentos que eu desabo. Ontem, meu Jesus falou comigo poderosamente e eu chorei muito-respondeu. Em agosto, as [&hellip;]<\/p>\n","protected":false},"author":2,"featured_media":12330,"comment_status":"open","ping_status":"open","sticky":false,"template":"","format":"standard","meta":[],"categories":[5],"tags":[],"_links":{"self":[{"href":"https:\/\/dgospel.com.br\/portal\/index.php\/wp-json\/wp\/v2\/posts\/12329"}],"collection":[{"href":"https:\/\/dgospel.com.br\/portal\/index.php\/wp-json\/wp\/v2\/posts"}],"about":[{"href":"https:\/\/dgospel.com.br\/portal\/index.php\/wp-json\/wp\/v2\/types\/post"}],"author":[{"embeddable":true,"href":"https:\/\/dgospel.com.br\/portal\/index.php\/wp-json\/wp\/v2\/users\/2"}],"replies":[{"embeddable":true,"href":"https:\/\/dgospel.com.br\/portal\/index.php\/wp-json\/wp\/v2\/comments?post=12329"}],"version-history":[{"count":1,"href":"https:\/\/dgospel.com.br\/portal\/index.php\/wp-json\/wp\/v2\/posts\/12329\/revisions"}],"predecessor-version":[{"id":12331,"href":"https:\/\/dgospel.com.br\/portal\/index.php\/wp-json\/wp\/v2\/posts\/12329\/revisions\/12331"}],"wp:featuredmedia":[{"embeddable":true,"href":"https:\/\/dgospel.com.br\/portal\/index.php\/wp-json\/wp\/v2\/media\/12330"}],"wp:attachment":[{"href":"https:\/\/dgospel.com.br\/portal\/index.php\/wp-json\/wp\/v2\/media?parent=12329"}],"wp:term":[{"taxonomy":"category","embeddable":true,"href":"https:\/\/dgospel.com.br\/portal\/index.php\/wp-json\/wp\/v2\/categories?post=12329"},{"taxonomy":"post_tag","embeddable":true,"href":"https:\/\/dgospel.com.br\/portal\/index.php\/wp-json\/wp\/v2\/tags?post=12329"}],"curies":[{"name":"wp","href":"https:\/\/api.w.org\/{rel}","templated":true}]}}