{"id":12338,"date":"2022-09-02T13:11:19","date_gmt":"2022-09-02T16:11:19","guid":{"rendered":"http:\/\/dgospel.com.br\/portal\/?p=12338"},"modified":"2022-09-02T13:11:20","modified_gmt":"2022-09-02T16:11:20","slug":"rubens-uchoa-lanca-oficialmente-sua-candidatura-a-deputado-federal-nesta-sexta-feira-2-um-momento-muito-especial-pra-mim","status":"publish","type":"post","link":"https:\/\/dgospel.com.br\/portal\/index.php\/2022\/09\/02\/rubens-uchoa-lanca-oficialmente-sua-candidatura-a-deputado-federal-nesta-sexta-feira-2-um-momento-muito-especial-pra-mim\/","title":{"rendered":"Rubens Uch\u00f4a lan\u00e7a oficialmente sua candidatura a deputado federal nesta sexta-feira, 2; &#8221;Um momento muito especial pra mim&#8221;\u00a0"},"content":{"rendered":"\n<p>O vereador de Palmas e candidato a deputado federal, Rubens Uch\u00f4a (Uni\u00e3o Brasil), dar\u00e1 mais um importante passo na sua jornada pol\u00edtica, nesta sexta-feira (02). O parlamentar ir\u00e1 realizar uma grande reuni\u00e3o, no setor Jardim Aureny IV, para lan\u00e7ar oficialmente sua campanha.&nbsp;<\/p>\n\n\n\n<p>O evento acontecer\u00e1 a partir das 19h, na Avenida B, esquina com a Rua 10, na regi\u00e3o sul da Capital, e contar\u00e1 com a presen\u00e7a de importantes autoridades pol\u00edticas como a candidata ao senado, professora Dorinha (Uni\u00e3o Brasil) e a candidata a deputada estadual e colega de parlamento de Rubens, professora Janad Valcari (PL).&nbsp;<\/p>\n\n\n\n<p>\u2018\u2019Essa festa tem um significado forte pra mim, ser\u00e1 um momento muito especial! Ter a presen\u00e7a da minha fam\u00edlia, dos meus amigos, l\u00edderes e apoiadores far\u00e1 total diferen\u00e7a nesta caminhada. O apoio de todos eles durante este per\u00edodo \u00e9 essencial, e \u00e9 o que me motiva e me d\u00e1 for\u00e7as para seguir firme nesta jornada!\u2019\u2019, destacou Uch\u00f4a.&nbsp;<\/p>\n\n\n\n<p>Para o candidato, ter a possibilidade de representar a popula\u00e7\u00e3o tocantinense na C\u00e2mara Federal \u00e9 uma honra e uma grande responsabilidade.&nbsp;<\/p>\n\n\n\n<p>\u2018\u2019Sempre tive dentro de mim essa vontade de ajudar as pessoas que est\u00e3o ao meu redor, fazer mais por esse povo que n\u00e3o tem a devida aten\u00e7\u00e3o do Poder P\u00fablico. Sinto que essa \u00e9 a minha miss\u00e3o e, se Deus permitir, estou pronto para cumpri-la&#8221;, finalizou Rubens Uch\u00f4a.&nbsp;<\/p>\n","protected":false},"excerpt":{"rendered":"<p>O vereador de Palmas e candidato a deputado federal, Rubens Uch\u00f4a (Uni\u00e3o Brasil), dar\u00e1 mais um importante passo na sua jornada pol\u00edtica, nesta sexta-feira (02). O parlamentar ir\u00e1 realizar uma grande reuni\u00e3o, no setor Jardim Aureny IV, para lan\u00e7ar oficialmente sua campanha.&nbsp; O evento acontecer\u00e1 a partir das 19h, na Avenida B, esquina com a [&hellip;]<\/p>\n","protected":false},"author":2,"featured_media":12339,"comment_status":"open","ping_status":"open","sticky":false,"template":"","format":"standard","meta":[],"categories":[4],"tags":[13],"_links":{"self":[{"href":"https:\/\/dgospel.com.br\/portal\/index.php\/wp-json\/wp\/v2\/posts\/12338"}],"collection":[{"href":"https:\/\/dgospel.com.br\/portal\/index.php\/wp-json\/wp\/v2\/posts"}],"about":[{"href":"https:\/\/dgospel.com.br\/portal\/index.php\/wp-json\/wp\/v2\/types\/post"}],"author":[{"embeddable":true,"href":"https:\/\/dgospel.com.br\/portal\/index.php\/wp-json\/wp\/v2\/users\/2"}],"replies":[{"embeddable":true,"href":"https:\/\/dgospel.com.br\/portal\/index.php\/wp-json\/wp\/v2\/comments?post=12338"}],"version-history":[{"count":1,"href":"https:\/\/dgospel.com.br\/portal\/index.php\/wp-json\/wp\/v2\/posts\/12338\/revisions"}],"predecessor-version":[{"id":12340,"href":"https:\/\/dgospel.com.br\/portal\/index.php\/wp-json\/wp\/v2\/posts\/12338\/revisions\/12340"}],"wp:featuredmedia":[{"embeddable":true,"href":"https:\/\/dgospel.com.br\/portal\/index.php\/wp-json\/wp\/v2\/media\/12339"}],"wp:attachment":[{"href":"https:\/\/dgospel.com.br\/portal\/index.php\/wp-json\/wp\/v2\/media?parent=12338"}],"wp:term":[{"taxonomy":"category","embeddable":true,"href":"https:\/\/dgospel.com.br\/portal\/index.php\/wp-json\/wp\/v2\/categories?post=12338"},{"taxonomy":"post_tag","embeddable":true,"href":"https:\/\/dgospel.com.br\/portal\/index.php\/wp-json\/wp\/v2\/tags?post=12338"}],"curies":[{"name":"wp","href":"https:\/\/api.w.org\/{rel}","templated":true}]}}