{"id":12346,"date":"2022-09-05T09:26:26","date_gmt":"2022-09-05T12:26:26","guid":{"rendered":"http:\/\/dgospel.com.br\/portal\/?p=12346"},"modified":"2022-09-05T09:26:27","modified_gmt":"2022-09-05T12:26:27","slug":"stf-barroso-decide-suspender-o-piso-salarial-da-enfermagem","status":"publish","type":"post","link":"https:\/\/dgospel.com.br\/portal\/index.php\/2022\/09\/05\/stf-barroso-decide-suspender-o-piso-salarial-da-enfermagem\/","title":{"rendered":"STF: Barroso decide suspender o piso salarial da enfermagem"},"content":{"rendered":"\n<p>Neste domingo (4), o ministro Lu\u00eds Roberto Barroso, do Supremo Tribunal Federal (STF), suspendeu a lei que define um piso para o sal\u00e1rios da enfermagem. A medida atende um pedido da Confedera\u00e7\u00e3o Nacional de Sa\u00fade, Hospitais e Estabelecimentos e Servi\u00e7os (CNSa\u00fade) e ter\u00e1 validade de 60 dias.<\/p>\n\n\n\n<p>A mudan\u00e7a foi\u00a0<a href=\"https:\/\/pleno.news\/brasil\/politica-nacional\/bolsonaro-sanciona-piso-salarial-de-r-47-mil-de-enfermeiros.html\">sancionada pelo presidente Jair Bolsonaro no in\u00edcio de agosto<\/a>\u00a0e definiu como sal\u00e1rio m\u00ednimo para enfermeiros o valor de R$ 4.750. No entanto, a CNSa\u00fade afirmou que o reajuste \u00e9 insustent\u00e1vel e que a lei n\u00e3o prev\u00ea de onde viriam os recursos.<\/p>\n\n\n\n<p>Em decis\u00e3o liminar, Barroso deu um prazo de 60 dias para que o governo federal, os estados e ainda entidades do setor de enfermagem forne\u00e7am informa\u00e7\u00f5es sobre as mudan\u00e7as. Entre elas est\u00e3o o impacto financeiro, poss\u00edveis demiss\u00f5es e ainda queda na qualidade do servi\u00e7o.<\/p>\n\n\n\n<p>\u201cSem preju\u00edzo dos questionamentos acerca de v\u00edcio de iniciativa, constitucionaliza\u00e7\u00e3o superveniente de lei de iniciativa parlamentar e viola\u00e7\u00e3o \u00e0 autonomia federativa, \u00e9 preciso atentar, neste momento, aos eventuais impactos negativos da ado\u00e7\u00e3o dos pisos salariais impugnados\u201d, apontou o ministro.<\/p>\n\n\n\n<p>Barroso ainda ressaltou que \u201cpela plausibilidade jur\u00eddica das alega\u00e7\u00f5es, trata-se de ponto que merece esclarecimento antes que se possa cogitar da aplica\u00e7\u00e3o da lei\u201d.<\/p>\n\n\n\n<p>O caso foi enviado para o plen\u00e1rio do STF.<\/p>\n\n\n\n<p>J\u00e1 decis\u00e3o pode ser vista&nbsp;<a href=\"https:\/\/static.cdn.pleno.news\/2022\/09\/barroso-decisao-piso-enfermagem-4-set-2022.pdf\">aqui<\/a>.<\/p>\n","protected":false},"excerpt":{"rendered":"<p>Neste domingo (4), o ministro Lu\u00eds Roberto Barroso, do Supremo Tribunal Federal (STF), suspendeu a lei que define um piso para o sal\u00e1rios da enfermagem. A medida atende um pedido da Confedera\u00e7\u00e3o Nacional de Sa\u00fade, Hospitais e Estabelecimentos e Servi\u00e7os (CNSa\u00fade) e ter\u00e1 validade de 60 dias. A mudan\u00e7a foi\u00a0sancionada pelo presidente Jair Bolsonaro no [&hellip;]<\/p>\n","protected":false},"author":2,"featured_media":12347,"comment_status":"open","ping_status":"open","sticky":false,"template":"","format":"standard","meta":[],"categories":[10],"tags":[13],"_links":{"self":[{"href":"https:\/\/dgospel.com.br\/portal\/index.php\/wp-json\/wp\/v2\/posts\/12346"}],"collection":[{"href":"https:\/\/dgospel.com.br\/portal\/index.php\/wp-json\/wp\/v2\/posts"}],"about":[{"href":"https:\/\/dgospel.com.br\/portal\/index.php\/wp-json\/wp\/v2\/types\/post"}],"author":[{"embeddable":true,"href":"https:\/\/dgospel.com.br\/portal\/index.php\/wp-json\/wp\/v2\/users\/2"}],"replies":[{"embeddable":true,"href":"https:\/\/dgospel.com.br\/portal\/index.php\/wp-json\/wp\/v2\/comments?post=12346"}],"version-history":[{"count":1,"href":"https:\/\/dgospel.com.br\/portal\/index.php\/wp-json\/wp\/v2\/posts\/12346\/revisions"}],"predecessor-version":[{"id":12348,"href":"https:\/\/dgospel.com.br\/portal\/index.php\/wp-json\/wp\/v2\/posts\/12346\/revisions\/12348"}],"wp:featuredmedia":[{"embeddable":true,"href":"https:\/\/dgospel.com.br\/portal\/index.php\/wp-json\/wp\/v2\/media\/12347"}],"wp:attachment":[{"href":"https:\/\/dgospel.com.br\/portal\/index.php\/wp-json\/wp\/v2\/media?parent=12346"}],"wp:term":[{"taxonomy":"category","embeddable":true,"href":"https:\/\/dgospel.com.br\/portal\/index.php\/wp-json\/wp\/v2\/categories?post=12346"},{"taxonomy":"post_tag","embeddable":true,"href":"https:\/\/dgospel.com.br\/portal\/index.php\/wp-json\/wp\/v2\/tags?post=12346"}],"curies":[{"name":"wp","href":"https:\/\/api.w.org\/{rel}","templated":true}]}}