{"id":12352,"date":"2022-09-05T09:33:17","date_gmt":"2022-09-05T12:33:17","guid":{"rendered":"http:\/\/dgospel.com.br\/portal\/?p=12352"},"modified":"2022-09-05T09:33:18","modified_gmt":"2022-09-05T12:33:18","slug":"lira-contesta-decisao-de-barroso-respeito-mas-nao-concordo","status":"publish","type":"post","link":"https:\/\/dgospel.com.br\/portal\/index.php\/2022\/09\/05\/lira-contesta-decisao-de-barroso-respeito-mas-nao-concordo\/","title":{"rendered":"Lira contesta decis\u00e3o de Barroso: \u201cRespeito, mas n\u00e3o concordo\u201d"},"content":{"rendered":"\n<p>A suspens\u00e3o da lei que define um piso para os sal\u00e1rios da enfermagem \u2013 sancionada pelo presidente Jair Bolsonaro (PL) \u2013 incomodou o deputado federal e presidente da C\u00e2mara, Arthur Lira (PP-AL). O parlamentar disse que \u201crespeita, mas n\u00e3o concorda\u201d com a decis\u00e3o do minstro Lu\u00eds Roberto Barroso, do Supremo Tribunal Federal (STF).<\/p>\n\n\n\n<p><a href=\"https:\/\/pleno.news\/brasil\/politica-nacional\/stf-barroso-decide-suspender-o-piso-salarial-da-enfermagem.html\">Barroso, decidiu, neste domingo (4), suspender o piso salarial de R$ 4.750 para enfermeiros<\/a>. Al\u00e9m disso, concedeu 60 dias para que o governo federal, estados, Distrito Federal e entidades do setor se manifestem com informa\u00e7\u00f5es sobre o impacto financeiro causado pela medida.<\/p>\n\n\n\n<p>\u2013 Respeito as decis\u00f5es judiciais, mas n\u00e3o concordo com o m\u00e9rito em rela\u00e7\u00e3o ao piso salarial dos enfermeiros. S\u00e3o profissionais que possuem direito ao piso e podem contar comigo para continuarmos na luta pela manuten\u00e7\u00e3o do que foi decidido em plen\u00e1rio \u2013 postou Lira.<\/p>\n\n\n\n<p>Em seu parecer, Barroso atendeu a um pedido da Confedera\u00e7\u00e3o Nacional de Sa\u00fade, Hospitais e Estabelecimentos e Servi\u00e7os (CNSa\u00fade). A entidade afirmou que o reajuste \u00e9 insustent\u00e1vel e que a lei n\u00e3o prev\u00ea de onde viriam os recursos.<\/p>\n\n\n\n<p>Barroso ainda ressaltou que \u201cpela plausibilidade jur\u00eddica das alega\u00e7\u00f5es, trata-se de ponto que merece esclarecimento antes que se possa cogitar da aplica\u00e7\u00e3o da lei\u201d.<\/p>\n","protected":false},"excerpt":{"rendered":"<p>A suspens\u00e3o da lei que define um piso para os sal\u00e1rios da enfermagem \u2013 sancionada pelo presidente Jair Bolsonaro (PL) \u2013 incomodou o deputado federal e presidente da C\u00e2mara, Arthur Lira (PP-AL). O parlamentar disse que \u201crespeita, mas n\u00e3o concorda\u201d com a decis\u00e3o do minstro Lu\u00eds Roberto Barroso, do Supremo Tribunal Federal (STF). Barroso, decidiu, [&hellip;]<\/p>\n","protected":false},"author":2,"featured_media":12353,"comment_status":"open","ping_status":"open","sticky":false,"template":"","format":"standard","meta":[],"categories":[8],"tags":[13],"_links":{"self":[{"href":"https:\/\/dgospel.com.br\/portal\/index.php\/wp-json\/wp\/v2\/posts\/12352"}],"collection":[{"href":"https:\/\/dgospel.com.br\/portal\/index.php\/wp-json\/wp\/v2\/posts"}],"about":[{"href":"https:\/\/dgospel.com.br\/portal\/index.php\/wp-json\/wp\/v2\/types\/post"}],"author":[{"embeddable":true,"href":"https:\/\/dgospel.com.br\/portal\/index.php\/wp-json\/wp\/v2\/users\/2"}],"replies":[{"embeddable":true,"href":"https:\/\/dgospel.com.br\/portal\/index.php\/wp-json\/wp\/v2\/comments?post=12352"}],"version-history":[{"count":1,"href":"https:\/\/dgospel.com.br\/portal\/index.php\/wp-json\/wp\/v2\/posts\/12352\/revisions"}],"predecessor-version":[{"id":12354,"href":"https:\/\/dgospel.com.br\/portal\/index.php\/wp-json\/wp\/v2\/posts\/12352\/revisions\/12354"}],"wp:featuredmedia":[{"embeddable":true,"href":"https:\/\/dgospel.com.br\/portal\/index.php\/wp-json\/wp\/v2\/media\/12353"}],"wp:attachment":[{"href":"https:\/\/dgospel.com.br\/portal\/index.php\/wp-json\/wp\/v2\/media?parent=12352"}],"wp:term":[{"taxonomy":"category","embeddable":true,"href":"https:\/\/dgospel.com.br\/portal\/index.php\/wp-json\/wp\/v2\/categories?post=12352"},{"taxonomy":"post_tag","embeddable":true,"href":"https:\/\/dgospel.com.br\/portal\/index.php\/wp-json\/wp\/v2\/tags?post=12352"}],"curies":[{"name":"wp","href":"https:\/\/api.w.org\/{rel}","templated":true}]}}