{"id":12355,"date":"2022-09-05T09:41:10","date_gmt":"2022-09-05T12:41:10","guid":{"rendered":"http:\/\/dgospel.com.br\/portal\/?p=12355"},"modified":"2022-09-05T09:41:11","modified_gmt":"2022-09-05T12:41:11","slug":"campanha-de-ataides-oliveira-tem-domingo-movimentado-com-participacao-de-cavalgada-em-colinas-e-panfletagem-em-feiras-da-capital","status":"publish","type":"post","link":"https:\/\/dgospel.com.br\/portal\/index.php\/2022\/09\/05\/campanha-de-ataides-oliveira-tem-domingo-movimentado-com-participacao-de-cavalgada-em-colinas-e-panfletagem-em-feiras-da-capital\/","title":{"rendered":"Campanha de Ata\u00eddes Oliveira tem domingo movimentado com participa\u00e7\u00e3o de cavalgada em Colinas e panfletagem em feiras da Capital"},"content":{"rendered":"\n<p>A campanha de Ata\u00eddes Oliveira (Pros) foi movimentada neste domingo, 4,&nbsp; com participa\u00e7\u00e3o do candidato na Cavalgada da Independ\u00eancia em Colinas e com panfletagem de apoiadores nas feiras do Aureny I e da 307 Norte, em Palmas.<\/p>\n\n\n\n<p>&#8220;Faltam menos de 30 dias para as elei\u00e7\u00f5es e estamos percorrendo v\u00e1rios munic\u00edpios, conversando com as pessoas e reencontrando amigos e aliados. Acredito que nosso projeto ser\u00e1 vitorioso no dia 2 de outubro e que as pessoas v\u00e3o optar por mudan\u00e7a, votando em gente s\u00e9ria,&nbsp; honesta, comprometida e preparada&#8221;, afirmou o candidato a Senador.<\/p>\n\n\n\n<p>Ata\u00eddes tamb\u00e9m destacou&nbsp; que as pessoas podem conhecer mais sobre suas propostas, ter acesso ao seu material de campanha e acompanhar a sua agenda por meio das redes sociais. O link para acesso est\u00e1 dispon\u00edvel em:&nbsp;<a rel=\"noreferrer noopener\" target=\"_blank\" href=\"https:\/\/linktr.ee\/ataides_oliveira\">https:\/\/linktr.ee\/ataides_oliveira<\/a>.<\/p>\n\n\n\n<p><strong>Agenda desta segunda (5)<\/strong><\/p>\n\n\n\n<p>Ata\u00eddes cumpre agenda em Dian\u00f3polis nesta segunda-feira, 5. \u00c0s 10 horas participar\u00e1 de reuni\u00e3o na C\u00e2mara de Dirigentes Lojistas (CDL), e \u00e0s 16 horas far\u00e1 grande caminhada com adesiva\u00e7o.<\/p>\n","protected":false},"excerpt":{"rendered":"<p>A campanha de Ata\u00eddes Oliveira (Pros) foi movimentada neste domingo, 4,&nbsp; com participa\u00e7\u00e3o do candidato na Cavalgada da Independ\u00eancia em Colinas e com panfletagem de apoiadores nas feiras do Aureny I e da 307 Norte, em Palmas. &#8220;Faltam menos de 30 dias para as elei\u00e7\u00f5es e estamos percorrendo v\u00e1rios munic\u00edpios, conversando com as pessoas e [&hellip;]<\/p>\n","protected":false},"author":2,"featured_media":12356,"comment_status":"open","ping_status":"open","sticky":false,"template":"","format":"standard","meta":[],"categories":[4],"tags":[],"_links":{"self":[{"href":"https:\/\/dgospel.com.br\/portal\/index.php\/wp-json\/wp\/v2\/posts\/12355"}],"collection":[{"href":"https:\/\/dgospel.com.br\/portal\/index.php\/wp-json\/wp\/v2\/posts"}],"about":[{"href":"https:\/\/dgospel.com.br\/portal\/index.php\/wp-json\/wp\/v2\/types\/post"}],"author":[{"embeddable":true,"href":"https:\/\/dgospel.com.br\/portal\/index.php\/wp-json\/wp\/v2\/users\/2"}],"replies":[{"embeddable":true,"href":"https:\/\/dgospel.com.br\/portal\/index.php\/wp-json\/wp\/v2\/comments?post=12355"}],"version-history":[{"count":1,"href":"https:\/\/dgospel.com.br\/portal\/index.php\/wp-json\/wp\/v2\/posts\/12355\/revisions"}],"predecessor-version":[{"id":12357,"href":"https:\/\/dgospel.com.br\/portal\/index.php\/wp-json\/wp\/v2\/posts\/12355\/revisions\/12357"}],"wp:featuredmedia":[{"embeddable":true,"href":"https:\/\/dgospel.com.br\/portal\/index.php\/wp-json\/wp\/v2\/media\/12356"}],"wp:attachment":[{"href":"https:\/\/dgospel.com.br\/portal\/index.php\/wp-json\/wp\/v2\/media?parent=12355"}],"wp:term":[{"taxonomy":"category","embeddable":true,"href":"https:\/\/dgospel.com.br\/portal\/index.php\/wp-json\/wp\/v2\/categories?post=12355"},{"taxonomy":"post_tag","embeddable":true,"href":"https:\/\/dgospel.com.br\/portal\/index.php\/wp-json\/wp\/v2\/tags?post=12355"}],"curies":[{"name":"wp","href":"https:\/\/api.w.org\/{rel}","templated":true}]}}