{"id":12358,"date":"2022-09-05T10:38:33","date_gmt":"2022-09-05T13:38:33","guid":{"rendered":"http:\/\/dgospel.com.br\/portal\/?p=12358"},"modified":"2022-09-05T10:39:02","modified_gmt":"2022-09-05T13:39:02","slug":"fiel-e-baleado-em-igreja-por-pm-petista-que-rejeitou-orientacao-sobre-familia","status":"publish","type":"post","link":"https:\/\/dgospel.com.br\/portal\/index.php\/2022\/09\/05\/fiel-e-baleado-em-igreja-por-pm-petista-que-rejeitou-orientacao-sobre-familia\/","title":{"rendered":"Fiel \u00e9 baleado em igreja por PM petista que rejeitou orienta\u00e7\u00e3o sobre fam\u00edlia"},"content":{"rendered":"\n<p>Um evang\u00e9lico foi baleado dentro do templo durante um culto na \u00faltima quarta-feira, 31 de agosto, e o motivo da discuss\u00e3o foi um desentendimento pol\u00edtico. O autor do disparo \u00e9 um PM que seria petista e se incomodou com a orienta\u00e7\u00e3o dos l\u00edderes sobre rejeitar o voto em candidatos que pregam a desconstru\u00e7\u00e3o da fam\u00edlia.<\/p>\n\n\n\n<p>A v\u00edtima, o assessor empresarial Davi Augusto de Souza, 40 anos, havia sa\u00eddo do templo para tomar \u00e1gua quando foi abordado pelo cabo da Pol\u00edcia Militar Vitor da Silva Lopes sobre a recomenda\u00e7\u00e3o da lideran\u00e7a da&nbsp;<a href=\"https:\/\/noticias.gospelmais.com.br\/tag\/congregacao-crista-no-brasil\"><strong>Congrega\u00e7\u00e3o Crist\u00e3 no Brasil<\/strong><\/a>&nbsp;(CCB) para que os fi\u00e9is n\u00e3o votem em candidatos que defendam a desconstru\u00e7\u00e3o da fam\u00edlia.<\/p>\n\n\n\n<p>O portal&nbsp;<a target=\"_blank\" href=\"https:\/\/terrabrasilnoticias.com\/2022\/09\/urgente-petista-atira-em-eleitor-de-bolsonaro-dentro-de-igreja\/\" rel=\"noreferrer noopener\"><em>Terra Brasil Not\u00edcias<\/em><\/a>&nbsp;identificou o PM de Goi\u00e2nia (GO) como apoiador do PT e informou que ele efetuou o disparo depois que a conversa se tornou discuss\u00e3o sobre a disputa eleitoral.<\/p>\n\n\n\n<p>\u201cMeu irm\u00e3o saiu para beber \u00e1gua e o policial tamb\u00e9m. Do lado de fora, meu irm\u00e3o, o policial e outra pessoa come\u00e7aram um debate sobre quem da igreja apoia ou n\u00e3o o governo, que os membros n\u00e3o deveriam votar na esquerda, como indicaram os l\u00edderes\u201d, declarou Daniel Augusto de Souza, de 45 anos, que tamb\u00e9m frequenta a igreja.<\/p>\n\n\n\n<p>O motivo da discuss\u00e3o foi uma carta enviada a todas as igrejas da CCB sobre princ\u00edpios inegoci\u00e1veis para a denomina\u00e7\u00e3o: \u201cN\u00e3o devemos votar em candidatos ou partidos pol\u00edticos cujo programa de governo seja contr\u00e1rio aos valores e princ\u00edpios crist\u00e3os ou proponham a desconstru\u00e7\u00e3o das fam\u00edlias no modelo instru\u00eddo na palavra de Deus, isto \u00e9, casamento entre homem e mulher\u201d, diz a recomenda\u00e7\u00e3o.<\/p>\n\n\n\n<p>De acordo com informa\u00e7\u00f5es do portal&nbsp;<a target=\"_blank\" href=\"https:\/\/g1.globo.com\/go\/goias\/noticia\/2022\/09\/02\/assessor-empresarial-e-baleado-por-pm-durante-briga-por-politica-em-igreja-de-goiania-diz-membro.ghtml\" rel=\"noreferrer noopener\"><em>G1<\/em><\/a>, o PM alegou que achou que os demais fi\u00e9is iriam tomar sua arma no meio do tumulto, e que por isso efetuou um disparo na perna de Davi para incapacit\u00e1-lo, mas sem a inten\u00e7\u00e3o de matar.<\/p>\n\n\n\n<p>A Pol\u00edcia Civil de Goi\u00e1s registrou um boletim de ocorr\u00eancia sobre o caso, mas o inqu\u00e9rito n\u00e3o est\u00e1 sendo investigado como uma tentativa de homic\u00eddio, mas sim como les\u00e3o corporal culposa: \u201cNo local, segundo informa\u00e7\u00f5es, houve uma discuss\u00e3o entre dois indiv\u00edduos e o cabo Vitor da Silva Lopes. Os indiv\u00edduos tentaram entrar em luta corporal com o policial, que para se desvencilhar de um deles efetuou um disparo que alvejou a perna do envolvido\u201d, diz o B.O.<\/p>\n\n\n\n<p>J\u00e1 a Pol\u00edcia Militar informou em nota, nesta sexta-feira, 02 de setembro, que o cabo estava de folga no dia da briga: \u201cAssim que a Pol\u00edcia Militar tomou conhecimento do caso, determinou a instaura\u00e7\u00e3o de procedimento administrativo disciplinar para apurar as circunst\u00e2ncias do fato. Informamos ainda que o policial militar apresentou de forma espont\u00e2nea na delegacia de Pol\u00edcia Civil para os procedimentos cab\u00edveis\u201d, diz trecho da nota oficial.<\/p>\n\n\n\n<p>O fiel baleado continua internado em um hospital de Goi\u00e2nia, j\u00e1 que foi submetido a uma cirurgia. Seu estado de sa\u00fade \u00e9 considerado est\u00e1vel, segundo seu irm\u00e3o.<\/p>\n\n\n\n<p>Fonte: gospelmais<\/p>\n","protected":false},"excerpt":{"rendered":"<p>Um evang\u00e9lico foi baleado dentro do templo durante um culto na \u00faltima quarta-feira, 31 de agosto, e o motivo da discuss\u00e3o foi um desentendimento pol\u00edtico. O autor do disparo \u00e9 um PM que seria petista e se incomodou com a orienta\u00e7\u00e3o dos l\u00edderes sobre rejeitar o voto em candidatos que pregam a desconstru\u00e7\u00e3o da fam\u00edlia. [&hellip;]<\/p>\n","protected":false},"author":2,"featured_media":12359,"comment_status":"open","ping_status":"open","sticky":false,"template":"","format":"standard","meta":[],"categories":[5],"tags":[],"_links":{"self":[{"href":"https:\/\/dgospel.com.br\/portal\/index.php\/wp-json\/wp\/v2\/posts\/12358"}],"collection":[{"href":"https:\/\/dgospel.com.br\/portal\/index.php\/wp-json\/wp\/v2\/posts"}],"about":[{"href":"https:\/\/dgospel.com.br\/portal\/index.php\/wp-json\/wp\/v2\/types\/post"}],"author":[{"embeddable":true,"href":"https:\/\/dgospel.com.br\/portal\/index.php\/wp-json\/wp\/v2\/users\/2"}],"replies":[{"embeddable":true,"href":"https:\/\/dgospel.com.br\/portal\/index.php\/wp-json\/wp\/v2\/comments?post=12358"}],"version-history":[{"count":2,"href":"https:\/\/dgospel.com.br\/portal\/index.php\/wp-json\/wp\/v2\/posts\/12358\/revisions"}],"predecessor-version":[{"id":12361,"href":"https:\/\/dgospel.com.br\/portal\/index.php\/wp-json\/wp\/v2\/posts\/12358\/revisions\/12361"}],"wp:featuredmedia":[{"embeddable":true,"href":"https:\/\/dgospel.com.br\/portal\/index.php\/wp-json\/wp\/v2\/media\/12359"}],"wp:attachment":[{"href":"https:\/\/dgospel.com.br\/portal\/index.php\/wp-json\/wp\/v2\/media?parent=12358"}],"wp:term":[{"taxonomy":"category","embeddable":true,"href":"https:\/\/dgospel.com.br\/portal\/index.php\/wp-json\/wp\/v2\/categories?post=12358"},{"taxonomy":"post_tag","embeddable":true,"href":"https:\/\/dgospel.com.br\/portal\/index.php\/wp-json\/wp\/v2\/tags?post=12358"}],"curies":[{"name":"wp","href":"https:\/\/api.w.org\/{rel}","templated":true}]}}