{"id":12362,"date":"2022-09-05T10:49:42","date_gmt":"2022-09-05T13:49:42","guid":{"rendered":"http:\/\/dgospel.com.br\/portal\/?p=12362"},"modified":"2022-09-05T10:49:44","modified_gmt":"2022-09-05T13:49:44","slug":"assembleia-de-deus-inicia-campanha-de-oracao-de-30-dias-pelo-brasil","status":"publish","type":"post","link":"https:\/\/dgospel.com.br\/portal\/index.php\/2022\/09\/05\/assembleia-de-deus-inicia-campanha-de-oracao-de-30-dias-pelo-brasil\/","title":{"rendered":"Assembleia de Deus inicia campanha de ora\u00e7\u00e3o de 30 dias pelo Brasil"},"content":{"rendered":"\n<p>Uma campanha nacional de ora\u00e7\u00e3o divulgada pela Conven\u00e7\u00e3o Geral das Assembleias de Deus no Brasil (CGADB) se iniciou na sexta-feira, 02, com o foco de pedir a Deus que guie o povo brasileiro conforme Sua vontade nesse per\u00edodo eleitoral.<\/p>\n\n\n\n<p>De sexta-feira, 02, de setembro, at\u00e9 o dia das elei\u00e7\u00f5es, as igrejas filiadas \u00e0 CGADB divulgar\u00e3o a campanha nacional de ora\u00e7\u00e3o, al\u00e9m de estimularem a participa\u00e7\u00e3o dos fi\u00e9is. O clamor, organizado nas madrugadas, dever\u00e1 mobilizar dezenas de milh\u00f5es de fi\u00e9is em todo o pa\u00eds ao longo dos 30 dias.<\/p>\n\n\n\n<p>\u201cNo pr\u00f3ximo dia 2 de outubro, atrav\u00e9s do voto estaremos decidindo os rumos da nossa Na\u00e7\u00e3o. Afim de que Deus nos direcione para a melhor decis\u00e3o, e que Ele permane\u00e7a com suas m\u00e3os estendidas sobre o nosso Pa\u00eds, o Pastor Presidente da Conven\u00e7\u00e3o Geral das Assembleias de Deus no Brasil (@cgadb), Jos\u00e9 Wellington Costa J\u00fanior conclama a todos os assembleianos para uma Campanha de Um M\u00eas de Ora\u00e7\u00e3o na madrugada, pelo Brasil. Este trabalho \u00e9 de todos n\u00f3s, pastores, membros, obreiros da Assembleia de Deus\u201d, diz a CGADB em sua publica\u00e7\u00e3o no\u00a0<a rel=\"noreferrer noopener\" href=\"https:\/\/www.instagram.com\/p\/Ch-ARU0reyJ\/\" target=\"_blank\">Instagram<\/a>.<\/p>\n\n\n\n<p>\u201cMobilize sua fam\u00edlia e Igreja para de 2 de setembro a 2 de outubro de 2022, as 3h da manh\u00e3, estarmos juntos de joelhos na presen\u00e7a do nosso Deus\u201d, diz o convite divulgado nas redes sociais da entidade, assinado pelo pastor Jos\u00e9 Wellington Costa Junior. \u201cEu amo os que me amam, e os que de madrugada me buscam me achar\u00e3o. Prov\u00e9rbios 8:17\u201d, finaliza.<\/p>\n\n\n\n<p>A CGADB foi alvo de uma demonstra\u00e7\u00e3o de hostilidade por parte do Partido dos Trabalhadores (PT) no in\u00edcio da campanha eleitoral. Pastores ligados \u00e0 CGADB, assim como o presidente Jair Bolsonaro (PL),&nbsp;<a href=\"https:\/\/noticias.gospelmais.com.br\/pt-processa-pastores-perseguicao-igreja-malafaia-153908.html\"><strong>foram processados<\/strong><\/a>&nbsp;pela legenda de Lula.<\/p>\n\n\n\n<p>Na ocasi\u00e3o, o pastor Silas Malafaia alertou que essa postura, \u00e0s v\u00e9speras da elei\u00e7\u00e3o, indica que caso a esquerda seja vitoriosa nas elei\u00e7\u00f5es, haver\u00e1 retalia\u00e7\u00e3o e persegui\u00e7\u00e3o contra os evang\u00e9licos.<\/p>\n","protected":false},"excerpt":{"rendered":"<p>Uma campanha nacional de ora\u00e7\u00e3o divulgada pela Conven\u00e7\u00e3o Geral das Assembleias de Deus no Brasil (CGADB) se iniciou na sexta-feira, 02, com o foco de pedir a Deus que guie o povo brasileiro conforme Sua vontade nesse per\u00edodo eleitoral. De sexta-feira, 02, de setembro, at\u00e9 o dia das elei\u00e7\u00f5es, as igrejas filiadas \u00e0 CGADB divulgar\u00e3o [&hellip;]<\/p>\n","protected":false},"author":2,"featured_media":12363,"comment_status":"open","ping_status":"open","sticky":false,"template":"","format":"standard","meta":[],"categories":[5],"tags":[],"_links":{"self":[{"href":"https:\/\/dgospel.com.br\/portal\/index.php\/wp-json\/wp\/v2\/posts\/12362"}],"collection":[{"href":"https:\/\/dgospel.com.br\/portal\/index.php\/wp-json\/wp\/v2\/posts"}],"about":[{"href":"https:\/\/dgospel.com.br\/portal\/index.php\/wp-json\/wp\/v2\/types\/post"}],"author":[{"embeddable":true,"href":"https:\/\/dgospel.com.br\/portal\/index.php\/wp-json\/wp\/v2\/users\/2"}],"replies":[{"embeddable":true,"href":"https:\/\/dgospel.com.br\/portal\/index.php\/wp-json\/wp\/v2\/comments?post=12362"}],"version-history":[{"count":1,"href":"https:\/\/dgospel.com.br\/portal\/index.php\/wp-json\/wp\/v2\/posts\/12362\/revisions"}],"predecessor-version":[{"id":12364,"href":"https:\/\/dgospel.com.br\/portal\/index.php\/wp-json\/wp\/v2\/posts\/12362\/revisions\/12364"}],"wp:featuredmedia":[{"embeddable":true,"href":"https:\/\/dgospel.com.br\/portal\/index.php\/wp-json\/wp\/v2\/media\/12363"}],"wp:attachment":[{"href":"https:\/\/dgospel.com.br\/portal\/index.php\/wp-json\/wp\/v2\/media?parent=12362"}],"wp:term":[{"taxonomy":"category","embeddable":true,"href":"https:\/\/dgospel.com.br\/portal\/index.php\/wp-json\/wp\/v2\/categories?post=12362"},{"taxonomy":"post_tag","embeddable":true,"href":"https:\/\/dgospel.com.br\/portal\/index.php\/wp-json\/wp\/v2\/tags?post=12362"}],"curies":[{"name":"wp","href":"https:\/\/api.w.org\/{rel}","templated":true}]}}