{"id":12365,"date":"2022-09-05T11:20:48","date_gmt":"2022-09-05T14:20:48","guid":{"rendered":"http:\/\/dgospel.com.br\/portal\/?p=12365"},"modified":"2022-09-05T11:20:49","modified_gmt":"2022-09-05T14:20:49","slug":"vereador-rubens-uchoa-requer-reforma-da-quadra-esportiva-da-108-sul","status":"publish","type":"post","link":"https:\/\/dgospel.com.br\/portal\/index.php\/2022\/09\/05\/vereador-rubens-uchoa-requer-reforma-da-quadra-esportiva-da-108-sul\/","title":{"rendered":"Vereador Rubens Uch\u00f4a requer reforma da quadra esportiva da 108 sul"},"content":{"rendered":"\n<p>O vereador Rubens Uch\u00f4a (Uni\u00e3o Brasil) apresentou um requerimento na C\u00e2mara Municipal solicitando a reforma da quadra esportiva da 108 sul. O parlamentar destacou que o acesso ao esporte \u00e9 um direito que deve ser respeitado.<\/p>\n\n\n\n<p>\u201cConsiderando que o esporte e o lazer \u00e9 um direito individual e coletivo constitucionalmente assegurado, cabendo ao Poder P\u00fablico propiciar as condi\u00e7\u00f5es materiais suficientes para a efetiva\u00e7\u00e3o dessa garantia, se faz necess\u00e1ria a reforma da quadra esportiva para aquela comunidade\u201d, afirma.<\/p>\n\n\n\n<p>Rubens Uch\u00f4a pontou que a obra no espa\u00e7o vai garantir mais sa\u00fade para a comunidade. \u201cProporcionando e promovendo a pr\u00e1tica de esportes e melhorando a qualidade de vida dos moradores daquela regi\u00e3o\u201d, pontou.<\/p>\n\n\n\n<p>Ap\u00f3s apresenta\u00e7\u00e3o e aprova\u00e7\u00e3o, o requerimento ser\u00e1 enviado para aprecia\u00e7\u00e3o da prefeitura de Palmas.<\/p>\n","protected":false},"excerpt":{"rendered":"<p>O vereador Rubens Uch\u00f4a (Uni\u00e3o Brasil) apresentou um requerimento na C\u00e2mara Municipal solicitando a reforma da quadra esportiva da 108 sul. O parlamentar destacou que o acesso ao esporte \u00e9 um direito que deve ser respeitado. \u201cConsiderando que o esporte e o lazer \u00e9 um direito individual e coletivo constitucionalmente assegurado, cabendo ao Poder P\u00fablico [&hellip;]<\/p>\n","protected":false},"author":2,"featured_media":12366,"comment_status":"open","ping_status":"open","sticky":false,"template":"","format":"standard","meta":[],"categories":[8],"tags":[],"_links":{"self":[{"href":"https:\/\/dgospel.com.br\/portal\/index.php\/wp-json\/wp\/v2\/posts\/12365"}],"collection":[{"href":"https:\/\/dgospel.com.br\/portal\/index.php\/wp-json\/wp\/v2\/posts"}],"about":[{"href":"https:\/\/dgospel.com.br\/portal\/index.php\/wp-json\/wp\/v2\/types\/post"}],"author":[{"embeddable":true,"href":"https:\/\/dgospel.com.br\/portal\/index.php\/wp-json\/wp\/v2\/users\/2"}],"replies":[{"embeddable":true,"href":"https:\/\/dgospel.com.br\/portal\/index.php\/wp-json\/wp\/v2\/comments?post=12365"}],"version-history":[{"count":1,"href":"https:\/\/dgospel.com.br\/portal\/index.php\/wp-json\/wp\/v2\/posts\/12365\/revisions"}],"predecessor-version":[{"id":12367,"href":"https:\/\/dgospel.com.br\/portal\/index.php\/wp-json\/wp\/v2\/posts\/12365\/revisions\/12367"}],"wp:featuredmedia":[{"embeddable":true,"href":"https:\/\/dgospel.com.br\/portal\/index.php\/wp-json\/wp\/v2\/media\/12366"}],"wp:attachment":[{"href":"https:\/\/dgospel.com.br\/portal\/index.php\/wp-json\/wp\/v2\/media?parent=12365"}],"wp:term":[{"taxonomy":"category","embeddable":true,"href":"https:\/\/dgospel.com.br\/portal\/index.php\/wp-json\/wp\/v2\/categories?post=12365"},{"taxonomy":"post_tag","embeddable":true,"href":"https:\/\/dgospel.com.br\/portal\/index.php\/wp-json\/wp\/v2\/tags?post=12365"}],"curies":[{"name":"wp","href":"https:\/\/api.w.org\/{rel}","templated":true}]}}