{"id":1237,"date":"2018-09-05T17:45:59","date_gmt":"2018-09-05T20:45:59","guid":{"rendered":"http:\/\/dgospel.com.br\/portal\/?p=1237"},"modified":"2018-09-05T17:45:59","modified_gmt":"2018-09-05T20:45:59","slug":"extensao-oficial-no-to-da-segunda-edicao-dos-gideoes-missionarios-da-ultima-hora-divulga-cartaz-de-preletores-confirmados","status":"publish","type":"post","link":"https:\/\/dgospel.com.br\/portal\/index.php\/2018\/09\/05\/extensao-oficial-no-to-da-segunda-edicao-dos-gideoes-missionarios-da-ultima-hora-divulga-cartaz-de-preletores-confirmados\/","title":{"rendered":"Extens\u00e3o Oficial no TO da segunda edi\u00e7\u00e3o dos Gide\u00f5es Mission\u00e1rios da \u00daltima Hora divulga cartaz de preletores confirmados"},"content":{"rendered":"<p><strong>Nesta segunda edi\u00e7\u00e3o, o evento dar\u00e1 mais \u00eanfase ao evangelismo, primando a sua ess\u00eancia<\/strong><\/p>\n<p><strong>\u00a0<\/strong><\/p>\n<p>Nos dias 14 a 16 de setembro, pr\u00f3ximo m\u00eas, o tradicional congresso dos Gide\u00f5es Mission\u00e1rios da \u00daltima Hora, extens\u00e3o oficial do Tocantins, estar\u00e1 realizando sua segunda edi\u00e7\u00e3o em Palmas Capital da F\u00e9. Para esta edi\u00e7\u00e3o, a diretoria do evento contar\u00e1 com diversos preletores nacionais e regionais, mantendo a ess\u00eancia do evento, que \u00e9 o de ganhar almas.<\/p>\n<p>&nbsp;<\/p>\n<p>Para o pastor Cival Cruz (Ciadseta Palmas), a realiza\u00e7\u00e3o desta segunda edi\u00e7\u00e3o marcar\u00e1 a vida de muitas pessoas que mant\u00e9m a chama do evangelismo: &#8220;Miss\u00f5es \u00e9 o nosso foco em cada edi\u00e7\u00e3o dos Gide\u00f5es Mission\u00e1rios da \u00daltima Hora. As pessoas que se preocupam em levar a mensagem de salva\u00e7\u00e3o de Jesus Cristo, se encontrar\u00e3o num ambiente voltado para este tema. Deus ir\u00e1 nos aben\u00e7oar&#8221;, comentou Cival Cruz.<\/p>\n<p>&nbsp;<\/p>\n<p>Confira os principais nomes j\u00e1 confirmados:<\/p>\n<p>Pr Carvalho J\u00fanior &#8211; MG<\/p>\n<p>Pr Bruno Hassan -RJ<\/p>\n<p>Pr Israel Brasil -BA<\/p>\n<p>Pr Fabricio Santos -CE<\/p>\n<p>Pr Jair Cardoso\u00a0 -TO<\/p>\n<p>Pr. Josival Medeiros -TO<\/p>\n<p>Pr francinaldo figueira -TO<\/p>\n<p>Ev. Elton Reis\u00a0 -TO<\/p>\n<p>Ev. Everton Borges -TO<\/p>\n<p>Pr. Francisco Santos -TO<\/p>\n<p>Ev. Abmael de Souza -TO<\/p>\n<p>Ev. Fabiano Benigno &#8211; TO<\/p>\n<p>Al\u00e9m dos preletores, ter\u00e1 um grande coral, formado por diversas denomina\u00e7\u00f5es evang\u00e9licas da regi\u00e3o, e cantores regionais e nacionais.<\/p>\n<p>&nbsp;<\/p>\n<p>O evento<\/p>\n<p>Nesta segunda edi\u00e7\u00e3o do GMUH, j\u00e1 est\u00e3o confirmadas caravanas de v\u00e1rias cidades do Tocantins e de estados vizinhos.<\/p>\n<p>A Conven\u00e7\u00e3o Ciadseta recomendou que as igrejas da regi\u00e3o priorizar esta segunda edi\u00e7\u00e3o deste congresso, pois ele tem um papel importante, j\u00e1 que miss\u00f5es \u00e9 um tema essencial para os evang\u00e9licos.<\/p>\n<p>Os pastores Paulo Martins e Antonio Xavier, presidente e vice-presidente da conven\u00e7\u00e3o, respectivamente, estar\u00e3o no evento, recebendo e acompanhando a pessoa do pastor Reuel Bernadino, presidente nacional do GMUH, juntamente com sua comitiva.<\/p>\n","protected":false},"excerpt":{"rendered":"<p>Nesta segunda edi\u00e7\u00e3o, o evento dar\u00e1 mais \u00eanfase ao evangelismo, primando a sua ess\u00eancia \u00a0 Nos dias 14 a 16 de setembro, pr\u00f3ximo m\u00eas, o tradicional congresso dos Gide\u00f5es Mission\u00e1rios da \u00daltima Hora, extens\u00e3o oficial do Tocantins, estar\u00e1 realizando sua segunda edi\u00e7\u00e3o em Palmas Capital da F\u00e9. Para esta edi\u00e7\u00e3o, a diretoria do evento contar\u00e1 [&hellip;]<\/p>\n","protected":false},"author":2,"featured_media":1238,"comment_status":"open","ping_status":"open","sticky":false,"template":"","format":"standard","meta":[],"categories":[2,5],"tags":[],"_links":{"self":[{"href":"https:\/\/dgospel.com.br\/portal\/index.php\/wp-json\/wp\/v2\/posts\/1237"}],"collection":[{"href":"https:\/\/dgospel.com.br\/portal\/index.php\/wp-json\/wp\/v2\/posts"}],"about":[{"href":"https:\/\/dgospel.com.br\/portal\/index.php\/wp-json\/wp\/v2\/types\/post"}],"author":[{"embeddable":true,"href":"https:\/\/dgospel.com.br\/portal\/index.php\/wp-json\/wp\/v2\/users\/2"}],"replies":[{"embeddable":true,"href":"https:\/\/dgospel.com.br\/portal\/index.php\/wp-json\/wp\/v2\/comments?post=1237"}],"version-history":[{"count":1,"href":"https:\/\/dgospel.com.br\/portal\/index.php\/wp-json\/wp\/v2\/posts\/1237\/revisions"}],"predecessor-version":[{"id":1239,"href":"https:\/\/dgospel.com.br\/portal\/index.php\/wp-json\/wp\/v2\/posts\/1237\/revisions\/1239"}],"wp:featuredmedia":[{"embeddable":true,"href":"https:\/\/dgospel.com.br\/portal\/index.php\/wp-json\/wp\/v2\/media\/1238"}],"wp:attachment":[{"href":"https:\/\/dgospel.com.br\/portal\/index.php\/wp-json\/wp\/v2\/media?parent=1237"}],"wp:term":[{"taxonomy":"category","embeddable":true,"href":"https:\/\/dgospel.com.br\/portal\/index.php\/wp-json\/wp\/v2\/categories?post=1237"},{"taxonomy":"post_tag","embeddable":true,"href":"https:\/\/dgospel.com.br\/portal\/index.php\/wp-json\/wp\/v2\/tags?post=1237"}],"curies":[{"name":"wp","href":"https:\/\/api.w.org\/{rel}","templated":true}]}}