{"id":12379,"date":"2022-09-06T10:11:49","date_gmt":"2022-09-06T13:11:49","guid":{"rendered":"http:\/\/dgospel.com.br\/portal\/?p=12379"},"modified":"2022-09-06T10:16:37","modified_gmt":"2022-09-06T13:16:37","slug":"em-dianopolis-ataides-oliveira-e-recepcionado-por-apoiadores-e-faz-caminhada-pela-rua-comercial-da-cidade","status":"publish","type":"post","link":"https:\/\/dgospel.com.br\/portal\/index.php\/2022\/09\/06\/em-dianopolis-ataides-oliveira-e-recepcionado-por-apoiadores-e-faz-caminhada-pela-rua-comercial-da-cidade\/","title":{"rendered":"Em Dian\u00f3polis, Ata\u00eddes Oliveira \u00e9 recepcionado por apoiadores e faz caminhada pela rua comercial da cidade"},"content":{"rendered":"\n<p>Na regi\u00e3o sudeste do Tocantins, em Dian\u00f3polis, o candidato ao Senado Ata\u00eddes de Oliveira (Pros) foi recepcionado nesta segunda-feira, 5, por apoiadores logo que chegou ao munic\u00edpio pela manh\u00e3, e fez uma grande caminhada pela rua comercial principal no per\u00edodo da tarde.<\/p>\n\n\n\n<p>Durante a caminhada, que tamb\u00e9m contou com adesiva\u00e7o, Ata\u00eddes pediu que os eleitores pesquisem sobre o passado dos candidatos antes de votar. \u201cHoje, com acesso ao Google, as pessoas podem pesquisar sobre a vida de cada candidato. Eu tenho um hist\u00f3rico de ficha limpa, de um trabalhador que venceu na vida pela luta di\u00e1ria e de forma honesta. No Congresso Nacional, fui considerado o melhor senador que o Tocantins j\u00e1 teve. Precisamos mudar e s\u00f3 vamos mudar com gente s\u00e9ria na pol\u00edtica\u201d, afirmou.<\/p>\n\n\n\n<p><strong>Agenda<\/strong><\/p>\n\n\n\n<p>Nesta ter\u00e7a-feira, 6, Ata\u00eddes estar\u00e1 em Porto Nacional onde participar\u00e1 de reuni\u00e3o na CDL, \u00e0s 10 horas, e \u00e0s 16 horas far\u00e1 caminhada com adesiva\u00e7o na avenida principal do munic\u00edpio.<\/p>\n","protected":false},"excerpt":{"rendered":"<p>Na regi\u00e3o sudeste do Tocantins, em Dian\u00f3polis, o candidato ao Senado Ata\u00eddes de Oliveira (Pros) foi recepcionado nesta segunda-feira, 5, por apoiadores logo que chegou ao munic\u00edpio pela manh\u00e3, e fez uma grande caminhada pela rua comercial principal no per\u00edodo da tarde. Durante a caminhada, que tamb\u00e9m contou com adesiva\u00e7o, Ata\u00eddes pediu que os eleitores [&hellip;]<\/p>\n","protected":false},"author":2,"featured_media":12380,"comment_status":"open","ping_status":"open","sticky":false,"template":"","format":"standard","meta":[],"categories":[4],"tags":[],"_links":{"self":[{"href":"https:\/\/dgospel.com.br\/portal\/index.php\/wp-json\/wp\/v2\/posts\/12379"}],"collection":[{"href":"https:\/\/dgospel.com.br\/portal\/index.php\/wp-json\/wp\/v2\/posts"}],"about":[{"href":"https:\/\/dgospel.com.br\/portal\/index.php\/wp-json\/wp\/v2\/types\/post"}],"author":[{"embeddable":true,"href":"https:\/\/dgospel.com.br\/portal\/index.php\/wp-json\/wp\/v2\/users\/2"}],"replies":[{"embeddable":true,"href":"https:\/\/dgospel.com.br\/portal\/index.php\/wp-json\/wp\/v2\/comments?post=12379"}],"version-history":[{"count":1,"href":"https:\/\/dgospel.com.br\/portal\/index.php\/wp-json\/wp\/v2\/posts\/12379\/revisions"}],"predecessor-version":[{"id":12381,"href":"https:\/\/dgospel.com.br\/portal\/index.php\/wp-json\/wp\/v2\/posts\/12379\/revisions\/12381"}],"wp:featuredmedia":[{"embeddable":true,"href":"https:\/\/dgospel.com.br\/portal\/index.php\/wp-json\/wp\/v2\/media\/12380"}],"wp:attachment":[{"href":"https:\/\/dgospel.com.br\/portal\/index.php\/wp-json\/wp\/v2\/media?parent=12379"}],"wp:term":[{"taxonomy":"category","embeddable":true,"href":"https:\/\/dgospel.com.br\/portal\/index.php\/wp-json\/wp\/v2\/categories?post=12379"},{"taxonomy":"post_tag","embeddable":true,"href":"https:\/\/dgospel.com.br\/portal\/index.php\/wp-json\/wp\/v2\/tags?post=12379"}],"curies":[{"name":"wp","href":"https:\/\/api.w.org\/{rel}","templated":true}]}}