{"id":12382,"date":"2022-09-06T11:35:51","date_gmt":"2022-09-06T14:35:51","guid":{"rendered":"http:\/\/dgospel.com.br\/portal\/?p=12382"},"modified":"2022-09-06T11:35:52","modified_gmt":"2022-09-06T14:35:52","slug":"corrida-presidencial-pesquisa-gerp-mostra-bolsonaro-na-frente","status":"publish","type":"post","link":"https:\/\/dgospel.com.br\/portal\/index.php\/2022\/09\/06\/corrida-presidencial-pesquisa-gerp-mostra-bolsonaro-na-frente\/","title":{"rendered":"Corrida presidencial: Pesquisa Gerp mostra Bolsonaro na frente"},"content":{"rendered":"\n<p>Um levantamento do Instituto Gerp, divulgado nesta segunda-feira (5), mostrou o presidente&nbsp;<a href=\"http:\/\/pleno.news\/tag\/jair-bolsonaro\" target=\"_blank\" rel=\"noreferrer noopener\">Jair Bolsonaro<\/a>&nbsp;(PL) na lideran\u00e7a da disputa presidencial. De acordo com a pesquisa, Bolsonaro tem 39% das inten\u00e7\u00f5es de voto, contra 38% de&nbsp;<a href=\"http:\/\/pleno.news\/tag\/lula\" target=\"_blank\" rel=\"noreferrer noopener\">Lula<\/a>&nbsp;(PT). \u00c9 a primeira vez que uma an\u00e1lise do instituto aponta o chefe do Executivo na frente na corrida pelo Planalto.<\/p>\n\n\n\n<p>De acordo com os n\u00fameros, Bolsonaro teve 31% em mar\u00e7o, foi para 35% em abril, subiu para 37% em junho e ficou com 38% em agosto. J\u00e1 em setembro, o atual presidente foi a 39%. Lula, por sua vez, tinha 38% em mar\u00e7o e variou de um a dois pontos para cima no \u00faltimo semestre, antes de voltar para os 38% em setembro.<\/p>\n\n\n\n<p>O levantamento realizado pelo Instituto Gerp ouviu 2.095 pessoas entre 29 de agosto e 1\u00b0 de setembro. A pesquisa foi registrada no TSE sob o protocolo BR \u2013 09102\/2022. A an\u00e1lise teve uma margem de erro de 2,18 pontos para mais ou para menos.<\/p>\n","protected":false},"excerpt":{"rendered":"<p>Um levantamento do Instituto Gerp, divulgado nesta segunda-feira (5), mostrou o presidente&nbsp;Jair Bolsonaro&nbsp;(PL) na lideran\u00e7a da disputa presidencial. De acordo com a pesquisa, Bolsonaro tem 39% das inten\u00e7\u00f5es de voto, contra 38% de&nbsp;Lula&nbsp;(PT). \u00c9 a primeira vez que uma an\u00e1lise do instituto aponta o chefe do Executivo na frente na corrida pelo Planalto. De acordo [&hellip;]<\/p>\n","protected":false},"author":2,"featured_media":12383,"comment_status":"open","ping_status":"open","sticky":false,"template":"","format":"standard","meta":[],"categories":[4],"tags":[13],"_links":{"self":[{"href":"https:\/\/dgospel.com.br\/portal\/index.php\/wp-json\/wp\/v2\/posts\/12382"}],"collection":[{"href":"https:\/\/dgospel.com.br\/portal\/index.php\/wp-json\/wp\/v2\/posts"}],"about":[{"href":"https:\/\/dgospel.com.br\/portal\/index.php\/wp-json\/wp\/v2\/types\/post"}],"author":[{"embeddable":true,"href":"https:\/\/dgospel.com.br\/portal\/index.php\/wp-json\/wp\/v2\/users\/2"}],"replies":[{"embeddable":true,"href":"https:\/\/dgospel.com.br\/portal\/index.php\/wp-json\/wp\/v2\/comments?post=12382"}],"version-history":[{"count":1,"href":"https:\/\/dgospel.com.br\/portal\/index.php\/wp-json\/wp\/v2\/posts\/12382\/revisions"}],"predecessor-version":[{"id":12384,"href":"https:\/\/dgospel.com.br\/portal\/index.php\/wp-json\/wp\/v2\/posts\/12382\/revisions\/12384"}],"wp:featuredmedia":[{"embeddable":true,"href":"https:\/\/dgospel.com.br\/portal\/index.php\/wp-json\/wp\/v2\/media\/12383"}],"wp:attachment":[{"href":"https:\/\/dgospel.com.br\/portal\/index.php\/wp-json\/wp\/v2\/media?parent=12382"}],"wp:term":[{"taxonomy":"category","embeddable":true,"href":"https:\/\/dgospel.com.br\/portal\/index.php\/wp-json\/wp\/v2\/categories?post=12382"},{"taxonomy":"post_tag","embeddable":true,"href":"https:\/\/dgospel.com.br\/portal\/index.php\/wp-json\/wp\/v2\/tags?post=12382"}],"curies":[{"name":"wp","href":"https:\/\/api.w.org\/{rel}","templated":true}]}}