{"id":12388,"date":"2022-09-06T14:29:12","date_gmt":"2022-09-06T17:29:12","guid":{"rendered":"http:\/\/dgospel.com.br\/portal\/?p=12388"},"modified":"2022-09-06T14:29:13","modified_gmt":"2022-09-06T17:29:13","slug":"mst-quer-retomar-invasoes-de-terras-caso-lula-seja-eleito","status":"publish","type":"post","link":"https:\/\/dgospel.com.br\/portal\/index.php\/2022\/09\/06\/mst-quer-retomar-invasoes-de-terras-caso-lula-seja-eleito\/","title":{"rendered":"MST quer retomar invas\u00f5es de terras caso Lula seja eleito"},"content":{"rendered":"\n<p>O l\u00edder do Movimento dos Trabalhadores Sem-Terra (MST), Jo\u00e3o Pedro Stedile, sinalizou que o grupo retomar\u00e1 as suas \u201cmobiliza\u00e7\u00f5es de massa\u201d caso o ex-presidente Luiz In\u00e1cio Lula da Silva (PT) seja eleito. Em entrevista nesta segunda-feira (5), Stedile falou em voltar a realizar greves, ocupa\u00e7\u00f5es de terra e outros atos.<\/p>\n\n\n\n<p>\u2013 Acho que a vit\u00f3ria do Lula, como se avizinha, vai ter como uma consequ\u00eancia natural, psicossocial, nas massas, um re\u00e2nimo para retomarmos as grandes mobiliza\u00e7\u00f5es de massas. Porque movimento de massa n\u00e3o \u00e9 s\u00f3 fazer passeata. \u00c9 quando a classe trabalhadora recupera a iniciativa na luta de classes. Ent\u00e3o ela passa a atuar na defesa dos seus direitos de mil e uma formas: fazendo greves, fazendo ocupa\u00e7\u00f5es de terras, ocupa\u00e7\u00f5es de terrenos, mobiliza\u00e7\u00f5es, como foi naquele grande per\u00edodo de 1978 a 1989 \u2013 disse ele a um podcast divulgado na p\u00e1gina do movimento.<\/p>\n\n\n\n<p>De acordo com Stedile, 7 mil comit\u00eas em assentamentos da reforma agr\u00e1ria foram criados em apoio \u00e0 elei\u00e7\u00e3o de Lula.<\/p>\n\n\n\n<p>Durante os anos de governo do presidente Jair Bolsonaro (PL), as ocupa\u00e7\u00f5es de terra se reduziram significativamente. Neste per\u00edodo, fazendeiros passaram a ser autorizados a portar armas em suas propriedades.<\/p>\n\n\n\n<p>Segundo dados do Instituto Nacional de Coloniza\u00e7\u00e3o e Reforma Agr\u00e1ria (Incra), durante o governo Dilma Rousseff (2011-2016), foram 969 ocupa\u00e7\u00f5es, com uma m\u00e9dia de 162 por ano. J\u00e1 no governo Temer (2016-2018) ocorreram 54 invas\u00f5es, com m\u00e9dia anual de 27. Sob a atual gest\u00e3o, as ocupa\u00e7\u00f5es ca\u00edram para uma m\u00e9dia de cinco por ano.<\/p>\n","protected":false},"excerpt":{"rendered":"<p>O l\u00edder do Movimento dos Trabalhadores Sem-Terra (MST), Jo\u00e3o Pedro Stedile, sinalizou que o grupo retomar\u00e1 as suas \u201cmobiliza\u00e7\u00f5es de massa\u201d caso o ex-presidente Luiz In\u00e1cio Lula da Silva (PT) seja eleito. Em entrevista nesta segunda-feira (5), Stedile falou em voltar a realizar greves, ocupa\u00e7\u00f5es de terra e outros atos. \u2013 Acho que a vit\u00f3ria [&hellip;]<\/p>\n","protected":false},"author":2,"featured_media":12389,"comment_status":"open","ping_status":"open","sticky":false,"template":"","format":"standard","meta":[],"categories":[10],"tags":[],"_links":{"self":[{"href":"https:\/\/dgospel.com.br\/portal\/index.php\/wp-json\/wp\/v2\/posts\/12388"}],"collection":[{"href":"https:\/\/dgospel.com.br\/portal\/index.php\/wp-json\/wp\/v2\/posts"}],"about":[{"href":"https:\/\/dgospel.com.br\/portal\/index.php\/wp-json\/wp\/v2\/types\/post"}],"author":[{"embeddable":true,"href":"https:\/\/dgospel.com.br\/portal\/index.php\/wp-json\/wp\/v2\/users\/2"}],"replies":[{"embeddable":true,"href":"https:\/\/dgospel.com.br\/portal\/index.php\/wp-json\/wp\/v2\/comments?post=12388"}],"version-history":[{"count":1,"href":"https:\/\/dgospel.com.br\/portal\/index.php\/wp-json\/wp\/v2\/posts\/12388\/revisions"}],"predecessor-version":[{"id":12390,"href":"https:\/\/dgospel.com.br\/portal\/index.php\/wp-json\/wp\/v2\/posts\/12388\/revisions\/12390"}],"wp:featuredmedia":[{"embeddable":true,"href":"https:\/\/dgospel.com.br\/portal\/index.php\/wp-json\/wp\/v2\/media\/12389"}],"wp:attachment":[{"href":"https:\/\/dgospel.com.br\/portal\/index.php\/wp-json\/wp\/v2\/media?parent=12388"}],"wp:term":[{"taxonomy":"category","embeddable":true,"href":"https:\/\/dgospel.com.br\/portal\/index.php\/wp-json\/wp\/v2\/categories?post=12388"},{"taxonomy":"post_tag","embeddable":true,"href":"https:\/\/dgospel.com.br\/portal\/index.php\/wp-json\/wp\/v2\/tags?post=12388"}],"curies":[{"name":"wp","href":"https:\/\/api.w.org\/{rel}","templated":true}]}}