{"id":12397,"date":"2022-09-08T12:31:25","date_gmt":"2022-09-08T15:31:25","guid":{"rendered":"http:\/\/dgospel.com.br\/portal\/?p=12397"},"modified":"2022-09-08T12:31:26","modified_gmt":"2022-09-08T15:31:26","slug":"planalto-calcula-que-1-milhao-de-pessoas-foram-a-ato-em-brasilia","status":"publish","type":"post","link":"https:\/\/dgospel.com.br\/portal\/index.php\/2022\/09\/08\/planalto-calcula-que-1-milhao-de-pessoas-foram-a-ato-em-brasilia\/","title":{"rendered":"Planalto calcula que 1 milh\u00e3o de pessoas foram a ato em Bras\u00edlia"},"content":{"rendered":"\n<p>Assessores do presidente Jair Bolsonaro (PL) estimam que a manifesta\u00e7\u00e3o em Bras\u00edlia neste feriado da Independ\u00eancia reuniu entre 800.000 e 1 milh\u00e3o pessoas na Esplanada dos Minist\u00e9rios, segundo informa\u00e7\u00f5es da revista Veja. A multid\u00e3o chegou a ser chamada de \u201cmar de gente\u201d pelo senador Fl\u00e1vio Bolsonaro.<\/p>\n\n\n\n<p>\u2013 Um milh\u00e3o de pessoas? Mar de gente em Bras\u00edlia? Obrigado a cada brasileiro que compareceu na Esplanada dos Minist\u00e9rios nesta manh\u00e3! Provamos, mais uma vez, que \u00e9 poss\u00edvel fazer manifesta\u00e7\u00e3o pac\u00edfica visando um \u00fanico objetivo: a liberdade da nossa Na\u00e7\u00e3o! \u2013 declarou o parlamentar nas redes sociais.<\/p>\n\n\n\n<p>A Pol\u00edcia Militar do Distrito Federal ainda n\u00e3o fez uma estimativa de quantas pessoas estiveram na manifesta\u00e7\u00e3o.<\/p>\n\n\n\n<p>A equipe de comunica\u00e7\u00e3o da campanha de Bolsonaro captou imagens da grande ades\u00e3o e ir\u00e1 us\u00e1-las nas propagandas eleitorais do presidente.<\/p>\n\n\n\n<p>A propor\u00e7\u00e3o dos atos&nbsp;<a href=\"https:\/\/pleno.news\/brasil\/politica-nacional\/pt-se-surpreende-com-tamanho-dos-atos-do-7-de-setembro.html\" target=\"_blank\" rel=\"noreferrer noopener\">provocou preocupa\u00e7\u00e3o entre aliados do PT<\/a>, que, segundo informa\u00e7\u00f5es do portal O Antagonista, admitem em car\u00e1ter reservado estarem surpresos. Eles ainda temem que as imagens do ato servir\u00e3o de argumento para o chefe do Executivo questionar uma eventual vit\u00f3ria de Lula nas urnas.<\/p>\n","protected":false},"excerpt":{"rendered":"<p>Assessores do presidente Jair Bolsonaro (PL) estimam que a manifesta\u00e7\u00e3o em Bras\u00edlia neste feriado da Independ\u00eancia reuniu entre 800.000 e 1 milh\u00e3o pessoas na Esplanada dos Minist\u00e9rios, segundo informa\u00e7\u00f5es da revista Veja. A multid\u00e3o chegou a ser chamada de \u201cmar de gente\u201d pelo senador Fl\u00e1vio Bolsonaro. \u2013 Um milh\u00e3o de pessoas? Mar de gente em [&hellip;]<\/p>\n","protected":false},"author":2,"featured_media":12398,"comment_status":"open","ping_status":"open","sticky":false,"template":"","format":"standard","meta":[],"categories":[10],"tags":[13],"_links":{"self":[{"href":"https:\/\/dgospel.com.br\/portal\/index.php\/wp-json\/wp\/v2\/posts\/12397"}],"collection":[{"href":"https:\/\/dgospel.com.br\/portal\/index.php\/wp-json\/wp\/v2\/posts"}],"about":[{"href":"https:\/\/dgospel.com.br\/portal\/index.php\/wp-json\/wp\/v2\/types\/post"}],"author":[{"embeddable":true,"href":"https:\/\/dgospel.com.br\/portal\/index.php\/wp-json\/wp\/v2\/users\/2"}],"replies":[{"embeddable":true,"href":"https:\/\/dgospel.com.br\/portal\/index.php\/wp-json\/wp\/v2\/comments?post=12397"}],"version-history":[{"count":1,"href":"https:\/\/dgospel.com.br\/portal\/index.php\/wp-json\/wp\/v2\/posts\/12397\/revisions"}],"predecessor-version":[{"id":12399,"href":"https:\/\/dgospel.com.br\/portal\/index.php\/wp-json\/wp\/v2\/posts\/12397\/revisions\/12399"}],"wp:featuredmedia":[{"embeddable":true,"href":"https:\/\/dgospel.com.br\/portal\/index.php\/wp-json\/wp\/v2\/media\/12398"}],"wp:attachment":[{"href":"https:\/\/dgospel.com.br\/portal\/index.php\/wp-json\/wp\/v2\/media?parent=12397"}],"wp:term":[{"taxonomy":"category","embeddable":true,"href":"https:\/\/dgospel.com.br\/portal\/index.php\/wp-json\/wp\/v2\/categories?post=12397"},{"taxonomy":"post_tag","embeddable":true,"href":"https:\/\/dgospel.com.br\/portal\/index.php\/wp-json\/wp\/v2\/tags?post=12397"}],"curies":[{"name":"wp","href":"https:\/\/api.w.org\/{rel}","templated":true}]}}