{"id":12400,"date":"2022-09-08T12:34:45","date_gmt":"2022-09-08T15:34:45","guid":{"rendered":"http:\/\/dgospel.com.br\/portal\/?p=12400"},"modified":"2022-09-08T12:34:47","modified_gmt":"2022-09-08T15:34:47","slug":"a-nacao-e-abencoada-por-deus-diz-michelle-bolsonaro","status":"publish","type":"post","link":"https:\/\/dgospel.com.br\/portal\/index.php\/2022\/09\/08\/a-nacao-e-abencoada-por-deus-diz-michelle-bolsonaro\/","title":{"rendered":"\u201cA na\u00e7\u00e3o \u00e9 aben\u00e7oada por Deus\u201d, diz Michelle Bolsonaro"},"content":{"rendered":"\n<p>Na manh\u00e3 desta quarta-feira (7), a primeira-dama do Brasil, Michelle Bolsonaro, discursou durante as festividades da Independ\u00eancia do Brasil na Esplanada dos Minist\u00e9rios, em Bras\u00edlia (DF).<\/p>\n\n\n\n<p>Em sua fala, ela declarou a b\u00ean\u00e7\u00e3o de Deus sobre a na\u00e7\u00e3o, o agro e a fam\u00edlia.<\/p>\n\n\n\n<p>\u2013 Essa na\u00e7\u00e3o \u00e9 aben\u00e7oada por Deus. O agro \u00e9 aben\u00e7oado por Deus. A fam\u00edlia \u00e9 aben\u00e7oada por Deus e \u00e9 projeto de Deus. A vida desde a concep\u00e7\u00e3o \u00e9 um projeto de Deus \u2013 disse Michelle.<\/p>\n\n\n\n<figure class=\"wp-block-image\"><img src=\"https:\/\/static.cdn.pleno.news\/2022\/09\/2d770a53e1907bd68a4f364f0111c64e3873d89aw-768x512.jpg\" alt=\"Manifesta\u00e7\u00f5es do 7 de Setembro em Bras\u00edlia\" title=\"Manifesta\u00e7\u00f5es do 7 de Setembro em Bras\u00edlia\"\/><figcaption>Manifesta\u00e7\u00f5es do 7 de Setembro em Bras\u00edlia&nbsp;\/ Foto: EFE\/ Joedson Alves<\/figcaption><\/figure>\n\n\n\n<figure class=\"wp-block-image\"><img src=\"https:\/\/static.cdn.pleno.news\/2022\/09\/ccdb0a69a9c7d379944132954b005919bb10a831w-768x512.jpg\" alt=\"Manifesta\u00e7\u00f5es do 7 de Setembro em Bras\u00edlia\" title=\"Manifesta\u00e7\u00f5es do 7 de Setembro em Bras\u00edlia\"\/><figcaption>Manifesta\u00e7\u00f5es do 7 de Setembro em Bras\u00edlia&nbsp;\/ Foto: EFE\/ Joedson Alves<\/figcaption><\/figure>\n\n\n\n<figure class=\"wp-block-image\"><img src=\"https:\/\/static.cdn.pleno.news\/2022\/09\/005ffa6db50884e4b7aee73d6486b651bde0b03ew-1-768x512.jpg\" alt=\"Manifesta\u00e7\u00f5es do 7 de Setembro em Bras\u00edlia\" title=\"Manifesta\u00e7\u00f5es do 7 de Setembro em Bras\u00edlia\"\/><figcaption>Manifesta\u00e7\u00f5es do 7 de Setembro em Bras\u00edlia&nbsp;\/ Foto: EFE\/ Joedson Alves<\/figcaption><\/figure>\n\n\n\n<figure class=\"wp-block-image\"><img src=\"https:\/\/static.cdn.pleno.news\/2022\/09\/606598247f4056044720eb1059fadc2c5d16f00bw-768x512.jpg\" alt=\"Manifesta\u00e7\u00f5es do 7 de Setembro em Bras\u00edlia\" title=\"Manifesta\u00e7\u00f5es do 7 de Setembro em Bras\u00edlia\"\/><figcaption>Manifesta\u00e7\u00f5es do 7 de Setembro em Bras\u00edlia&nbsp;\/ Foto: EFE\/ Joedson Alves<\/figcaption><\/figure>\n\n\n\n<figure class=\"wp-block-image\"><img src=\"https:\/\/static.cdn.pleno.news\/2022\/09\/84eff45d63fa2a69d85c6bbcfc75623299cbf566w-768x512.jpg\" alt=\"Manifesta\u00e7\u00f5es do 7 de Setembro em Bras\u00edlia\" title=\"Manifesta\u00e7\u00f5es do 7 de Setembro em Bras\u00edlia\"\/><figcaption>Manifesta\u00e7\u00f5es do 7 de Setembro em Bras\u00edlia&nbsp;\/ Foto: EFE\/ Joedson Alves<\/figcaption><\/figure>\n\n\n\n<figure class=\"wp-block-image\"><img src=\"https:\/\/static.cdn.pleno.news\/2022\/09\/f4ce2465731d988d611044e6e33203ccd2d235b2w-768x512.jpg\" alt=\"Manifesta\u00e7\u00f5es do 7 de Setembro em Bras\u00edlia\" title=\"Manifesta\u00e7\u00f5es do 7 de Setembro em Bras\u00edlia\"\/><figcaption>Manifesta\u00e7\u00f5es do 7 de Setembro em Bras\u00edlia&nbsp;\/ Foto: EFE\/ Joedson Alves<\/figcaption><\/figure>\n\n\n\n<figure class=\"wp-block-image\"><img src=\"https:\/\/static.cdn.pleno.news\/2022\/09\/d756616ce43070a73581df49850588ba047de8ffw-768x512.jpg\" alt=\"Manifesta\u00e7\u00f5es do 7 de Setembro em Bras\u00edlia\" title=\"Manifesta\u00e7\u00f5es do 7 de Setembro em Bras\u00edlia\"\/><figcaption>Manifesta\u00e7\u00f5es do 7 de Setembro em Bras\u00edlia&nbsp;\/ Foto: EFE\/ Joedson Alves<\/figcaption><\/figure>\n\n\n\n<figure class=\"wp-block-image\"><img src=\"https:\/\/static.cdn.pleno.news\/2022\/09\/0bc8d8926bbf110f2eb8a460ac48999a2112303aw-768x512.jpg\" alt=\"Manifesta\u00e7\u00f5es do 7 de Setembro em Bras\u00edlia\" title=\"Manifesta\u00e7\u00f5es do 7 de Setembro em Bras\u00edlia\"\/><figcaption>Manifesta\u00e7\u00f5es do 7 de Setembro em Bras\u00edlia&nbsp;\/ Foto: EFE\/ Joedson Alves<\/figcaption><\/figure>\n\n\n\n<figure class=\"wp-block-image\"><img src=\"https:\/\/static.cdn.pleno.news\/2022\/09\/da3a7cdd872c870c692321b02bbb1aa1c3fd6ffew-768x512.jpg\" alt=\"Manifesta\u00e7\u00f5es do 7 de Setembro em Bras\u00edlia\" title=\"Manifesta\u00e7\u00f5es do 7 de Setembro em Bras\u00edlia\"\/><figcaption>Manifesta\u00e7\u00f5es do 7 de Setembro em Bras\u00edlia&nbsp;\/ Foto: EFE\/ Joedson Alves<\/figcaption><\/figure>\n\n\n\n<figure class=\"wp-block-image\"><img src=\"https:\/\/static.cdn.pleno.news\/2022\/09\/6a607ae240f1a906d36571acd425d2c30f95b450w-e1662574992752-768x620.jpg\" alt=\"Manifesta\u00e7\u00f5es do 7 de Setembro em Bras\u00edlia\" title=\"Manifesta\u00e7\u00f5es do 7 de Setembro em Bras\u00edlia\"\/><figcaption>Manifesta\u00e7\u00f5es do 7 de Setembro em Bras\u00edlia&nbsp;\/ Foto: EFE\/ Joedson Alves<\/figcaption><\/figure>\n\n\n\n<figure class=\"wp-block-image\"><img src=\"https:\/\/static.cdn.pleno.news\/2022\/09\/9b94c9b802612ea05f275f85a702f2c5332a4fe7w-768x512.jpg\" alt=\"Manifesta\u00e7\u00f5es do 7 de Setembro em Bras\u00edlia\" title=\"Manifesta\u00e7\u00f5es do 7 de Setembro em Bras\u00edlia\"\/><figcaption>Manifesta\u00e7\u00f5es do 7 de Setembro em Bras\u00edlia&nbsp;\/ Foto: EFE\/ Joedson Alves<\/figcaption><\/figure>\n\n\n\n<figure class=\"wp-block-image\"><img src=\"https:\/\/static.cdn.pleno.news\/2022\/09\/8b61676dae817705fed7a58042f0a2bb88f7bd47w-768x512.jpg\" alt=\"Manifesta\u00e7\u00f5es do 7 de Setembro em Bras\u00edlia\" title=\"Manifesta\u00e7\u00f5es do 7 de Setembro em Bras\u00edlia\"\/><figcaption>Manifesta\u00e7\u00f5es do 7 de Setembro em Bras\u00edlia&nbsp;\/ Foto: EFE\/ Joedson Alves<\/figcaption><\/figure>\n\n\n\n<figure class=\"wp-block-image\"><img src=\"https:\/\/static.cdn.pleno.news\/2022\/09\/34ad17e9c231b6bfcecec8ab6d037ff8185c05bew-768x512.jpg\" alt=\"Manifesta\u00e7\u00f5es do 7 de Setembro em Bras\u00edlia\" title=\"Manifesta\u00e7\u00f5es do 7 de Setembro em Bras\u00edlia\"\/><figcaption>Manifesta\u00e7\u00f5es do 7 de Setembro em Bras\u00edlia&nbsp;\/ Foto: EFE\/ Joedson Alves<\/figcaption><\/figure>\n\n\n\n<figure class=\"wp-block-image\"><img src=\"https:\/\/static.cdn.pleno.news\/2022\/09\/1b26462442cabbd9df0c91d524f9817c15cde6e4w-768x512.jpg\" alt=\"Manifesta\u00e7\u00f5es do 7 de Setembro em Bras\u00edlia\" title=\"Manifesta\u00e7\u00f5es do 7 de Setembro em Bras\u00edlia\"\/><figcaption>Manifesta\u00e7\u00f5es do 7 de Setembro em Bras\u00edlia&nbsp;\/ Foto: EFE\/ Joedson Alves<\/figcaption><\/figure>\n\n\n\n<figure class=\"wp-block-image\"><img src=\"https:\/\/static.cdn.pleno.news\/2022\/09\/3f090f7e4e65c453807526667a9d96c13547b4cfw-768x512.jpg\" alt=\"Manifesta\u00e7\u00f5es do 7 de Setembro em Bras\u00edlia\" title=\"Manifesta\u00e7\u00f5es do 7 de Setembro em Bras\u00edlia\"\/><figcaption>Manifesta\u00e7\u00f5es do 7 de Setembro em Bras\u00edlia&nbsp;\/ Foto: EFE\/ Joedson Alves<\/figcaption><\/figure>\n\n\n\n<figure class=\"wp-block-image\"><img src=\"https:\/\/static.cdn.pleno.news\/2022\/09\/273e5b90b586c6d433f3b01b43014f7f225f806bw-768x512.jpg\" alt=\"Manifesta\u00e7\u00f5es do 7 de Setembro em Bras\u00edlia\" title=\"Manifesta\u00e7\u00f5es do 7 de Setembro em Bras\u00edlia\"\/><figcaption>Manifesta\u00e7\u00f5es do 7 de Setembro em Bras\u00edlia&nbsp;\/ Foto: EFE\/ Joedson Alves<\/figcaption><\/figure>\n\n\n\n<figure class=\"wp-block-image\"><img src=\"https:\/\/static.cdn.pleno.news\/2022\/09\/d52bc31ce462edd9567a7a00ffb6274132fd39d1w-768x512.jpg\" alt=\"Manifesta\u00e7\u00f5es do 7 de Setembro em Bras\u00edlia\" title=\"Manifesta\u00e7\u00f5es do 7 de Setembro em Bras\u00edlia\"\/><figcaption>Manifesta\u00e7\u00f5es do 7 de Setembro em Bras\u00edlia&nbsp;\/ Foto: EFE\/ Joedson Alves<\/figcaption><\/figure>\n\n\n\n<figure class=\"wp-block-image\"><img src=\"https:\/\/static.cdn.pleno.news\/2022\/09\/f6d9f16bb393b4ca60231f73d6294424c14e6ac1w-768x512.jpg\" alt=\"Manifesta\u00e7\u00f5es do 7 de Setembro em Bras\u00edlia\" title=\"Manifesta\u00e7\u00f5es do 7 de Setembro em Bras\u00edlia\"\/><figcaption>Manifesta\u00e7\u00f5es do 7 de Setembro em Bras\u00edlia&nbsp;\/ Foto: EFE\/ Joedson Alves<\/figcaption><\/figure>\n\n\n\n<figure class=\"wp-block-image\"><img src=\"https:\/\/static.cdn.pleno.news\/2022\/09\/6b51250c54ae72e298da00c9b273c36757153cf2w-768x512.jpg\" alt=\"Manifesta\u00e7\u00f5es do 7 de Setembro em Bras\u00edlia\" title=\"Manifesta\u00e7\u00f5es do 7 de Setembro em Bras\u00edlia\"\/><figcaption>Manifesta\u00e7\u00f5es do 7 de Setembro em Bras\u00edlia&nbsp;\/ Foto: EFE\/ Joedson Alves<\/figcaption><\/figure>\n\n\n\n<figure class=\"wp-block-image\"><img src=\"https:\/\/static.cdn.pleno.news\/2022\/09\/671cba5c0001f8901e9e4ef30c5c02e6adcc96bew-768x512.jpg\" alt=\"Manifesta\u00e7\u00f5es do 7 de Setembro em Bras\u00edlia\" title=\"Manifesta\u00e7\u00f5es do 7 de Setembro em Bras\u00edlia\"\/><figcaption>Manifesta\u00e7\u00f5es do 7 de Setembro em Bras\u00edlia&nbsp;\/ Foto: EFE\/ Joedson Alves<\/figcaption><\/figure>\n\n\n\n<figure class=\"wp-block-image\"><img src=\"https:\/\/static.cdn.pleno.news\/2022\/09\/c2a57f209714685e8294aaf4903bfcec467b9b56w-768x512.jpg\" alt=\"Manifesta\u00e7\u00f5es do 7 de Setembro em Bras\u00edlia\" title=\"Manifesta\u00e7\u00f5es do 7 de Setembro em Bras\u00edlia\"\/><figcaption>Manifesta\u00e7\u00f5es do 7 de Setembro em Bras\u00edlia&nbsp;\/ Foto: EFE\/ Joedson Alves<\/figcaption><\/figure>\n\n\n\n<figure class=\"wp-block-image\"><img src=\"https:\/\/static.cdn.pleno.news\/2022\/09\/58a5150cc5ffc61c600b2915d9dd83bf4dc08428w-768x512.jpg\" alt=\"Manifesta\u00e7\u00f5es do 7 de Setembro em Bras\u00edlia\" title=\"Manifesta\u00e7\u00f5es do 7 de Setembro em Bras\u00edlia\"\/><figcaption>Manifesta\u00e7\u00f5es do 7 de Setembro em Bras\u00edlia&nbsp;\/ Foto: EFE\/ Joedson Alves<\/figcaption><\/figure>\n\n\n\n<figure class=\"wp-block-image\"><img src=\"https:\/\/static.cdn.pleno.news\/2022\/09\/1fca50ad00ec7ac8e218b25e6633a2393a0d4d0bw-768x512.jpg\" alt=\"Manifesta\u00e7\u00f5es do 7 de Setembro em Bras\u00edlia\" title=\"Manifesta\u00e7\u00f5es do 7 de Setembro em Bras\u00edlia\"\/><figcaption>Manifesta\u00e7\u00f5es do 7 de Setembro em Bras\u00edlia&nbsp;\/ Foto: EFE\/ Joedson Alves<\/figcaption><\/figure>\n\n\n\n<ul><li>1&nbsp;de 23<\/li><\/ul>\n\n\n\n<p>A fam\u00edlia Bolsonaro iniciou as comemora\u00e7\u00f5es do Bicenten\u00e1rio da Independ\u00eancia com uma ora\u00e7\u00e3o no Pal\u00e1cio do Planalto. L\u00edderes evang\u00e9licos e pol\u00edticos acompanharam o momento.<\/p>\n\n\n\n<p>Michelle esteve ao lado do presidente Jair Bolsonaro durante o desfile em carro aberto e acompanhou todo o desfile c\u00edvico-militar que envolveu mais de 3,1 mil militares.<\/p>\n","protected":false},"excerpt":{"rendered":"<p>Na manh\u00e3 desta quarta-feira (7), a primeira-dama do Brasil, Michelle Bolsonaro, discursou durante as festividades da Independ\u00eancia do Brasil na Esplanada dos Minist\u00e9rios, em Bras\u00edlia (DF). Em sua fala, ela declarou a b\u00ean\u00e7\u00e3o de Deus sobre a na\u00e7\u00e3o, o agro e a fam\u00edlia. \u2013 Essa na\u00e7\u00e3o \u00e9 aben\u00e7oada por Deus. O agro \u00e9 aben\u00e7oado por [&hellip;]<\/p>\n","protected":false},"author":2,"featured_media":12401,"comment_status":"open","ping_status":"open","sticky":false,"template":"","format":"standard","meta":[],"categories":[5],"tags":[],"_links":{"self":[{"href":"https:\/\/dgospel.com.br\/portal\/index.php\/wp-json\/wp\/v2\/posts\/12400"}],"collection":[{"href":"https:\/\/dgospel.com.br\/portal\/index.php\/wp-json\/wp\/v2\/posts"}],"about":[{"href":"https:\/\/dgospel.com.br\/portal\/index.php\/wp-json\/wp\/v2\/types\/post"}],"author":[{"embeddable":true,"href":"https:\/\/dgospel.com.br\/portal\/index.php\/wp-json\/wp\/v2\/users\/2"}],"replies":[{"embeddable":true,"href":"https:\/\/dgospel.com.br\/portal\/index.php\/wp-json\/wp\/v2\/comments?post=12400"}],"version-history":[{"count":1,"href":"https:\/\/dgospel.com.br\/portal\/index.php\/wp-json\/wp\/v2\/posts\/12400\/revisions"}],"predecessor-version":[{"id":12402,"href":"https:\/\/dgospel.com.br\/portal\/index.php\/wp-json\/wp\/v2\/posts\/12400\/revisions\/12402"}],"wp:featuredmedia":[{"embeddable":true,"href":"https:\/\/dgospel.com.br\/portal\/index.php\/wp-json\/wp\/v2\/media\/12401"}],"wp:attachment":[{"href":"https:\/\/dgospel.com.br\/portal\/index.php\/wp-json\/wp\/v2\/media?parent=12400"}],"wp:term":[{"taxonomy":"category","embeddable":true,"href":"https:\/\/dgospel.com.br\/portal\/index.php\/wp-json\/wp\/v2\/categories?post=12400"},{"taxonomy":"post_tag","embeddable":true,"href":"https:\/\/dgospel.com.br\/portal\/index.php\/wp-json\/wp\/v2\/tags?post=12400"}],"curies":[{"name":"wp","href":"https:\/\/api.w.org\/{rel}","templated":true}]}}