{"id":12403,"date":"2022-09-08T12:38:24","date_gmt":"2022-09-08T15:38:24","guid":{"rendered":"http:\/\/dgospel.com.br\/portal\/?p=12403"},"modified":"2022-09-08T12:38:24","modified_gmt":"2022-09-08T15:38:24","slug":"lideres-estrangeiros-jantam-com-bolsonaro-no-itamaraty","status":"publish","type":"post","link":"https:\/\/dgospel.com.br\/portal\/index.php\/2022\/09\/08\/lideres-estrangeiros-jantam-com-bolsonaro-no-itamaraty\/","title":{"rendered":"L\u00edderes estrangeiros jantam com Bolsonaro no Itamaraty"},"content":{"rendered":"\n<p>O presidente Jair Bolsonaro (PL) recepcionou nesta ter\u00e7a-feira (6) os chefes de Estado de Cabo Verde, Guin\u00e9-Bissau e Portugal, para a celebra\u00e7\u00e3o dos 200 anos de Independ\u00eancia do Brasil. A recep\u00e7\u00e3o oficial ocorreu no Pal\u00e1cio do Itamaraty, ocasi\u00e3o em que Bolsonaro se reuniu com os l\u00edderes estrangeiros e, em seguida, ofereceu um coquetel \u00e0s autoridades.<\/p>\n\n\n\n<p>Al\u00e9m deles, enviados especiais dos governos de Angola e Mo\u00e7ambique, e o secret\u00e1rio-executivo da Comunidade dos Pa\u00edses de L\u00edngua Portuguesa (CPLP) tamb\u00e9m est\u00e3o no pa\u00eds para participar de uma s\u00e9rie de agendas comemorativas.<\/p>\n\n\n\n<p>As autoridades presentes eram o presidente de Portugal, Marcelo Rebelo de Sousa; o presidente de Cabo Verde, Jos\u00e9 Maria Neves; o presidente Guin\u00e9-Bissau, Umaro Sissoco Embal\u00f3; o secret\u00e1rio-executivo da CPLP, Zacarias Albano da Costa; e o ministro da Presid\u00eancia de Mo\u00e7ambique para Assuntos da Casa Civil, Constantino Alberto Bacela.<\/p>\n\n\n\n<p>Segundo o Pal\u00e1cio do Itamaraty, \u201co convite e a presen\u00e7a de chefes de Estado e representantes de pa\u00edses de l\u00edngua portuguesa simbolizam os la\u00e7os hist\u00f3ricos que os unem ao Brasil\u201d.<\/p>\n\n\n\n<p>Al\u00e9m do coquetel comemorativo desta ter\u00e7a, os representantes estrangeiros participaram, nesta quarta (7), Dia Nacional da Independ\u00eancia, do desfile c\u00edvico-militar na Esplanada dos Minist\u00e9rios, em Bras\u00edlia. Eles assistiram ao desfile do palanque presidencial.<\/p>\n\n\n\n<p>J\u00e1 na quinta-feira (8), assistir\u00e3o \u00e0 sess\u00e3o solene do Congresso Nacional em celebra\u00e7\u00e3o ao Bicenten\u00e1rio da Independ\u00eancia.<\/p>\n\n\n\n<p>Ao chegar no Pal\u00e1cio do Itamaraty, o presidente de Portugal falou brevemente com jornalistas e exaltou a rela\u00e7\u00e3o do pa\u00eds europeu com o Brasil.<\/p>\n\n\n\n<p>\u2013 Brasil e Portugal \u00e9 sempre [uma rela\u00e7\u00e3o] excepcional \u2013 disse Marcelo Rebelo.<\/p>\n\n\n\n<p>*Ag\u00eancia Brasil<\/p>\n","protected":false},"excerpt":{"rendered":"<p>O presidente Jair Bolsonaro (PL) recepcionou nesta ter\u00e7a-feira (6) os chefes de Estado de Cabo Verde, Guin\u00e9-Bissau e Portugal, para a celebra\u00e7\u00e3o dos 200 anos de Independ\u00eancia do Brasil. A recep\u00e7\u00e3o oficial ocorreu no Pal\u00e1cio do Itamaraty, ocasi\u00e3o em que Bolsonaro se reuniu com os l\u00edderes estrangeiros e, em seguida, ofereceu um coquetel \u00e0s autoridades. [&hellip;]<\/p>\n","protected":false},"author":2,"featured_media":12404,"comment_status":"open","ping_status":"open","sticky":false,"template":"","format":"standard","meta":[],"categories":[10],"tags":[],"_links":{"self":[{"href":"https:\/\/dgospel.com.br\/portal\/index.php\/wp-json\/wp\/v2\/posts\/12403"}],"collection":[{"href":"https:\/\/dgospel.com.br\/portal\/index.php\/wp-json\/wp\/v2\/posts"}],"about":[{"href":"https:\/\/dgospel.com.br\/portal\/index.php\/wp-json\/wp\/v2\/types\/post"}],"author":[{"embeddable":true,"href":"https:\/\/dgospel.com.br\/portal\/index.php\/wp-json\/wp\/v2\/users\/2"}],"replies":[{"embeddable":true,"href":"https:\/\/dgospel.com.br\/portal\/index.php\/wp-json\/wp\/v2\/comments?post=12403"}],"version-history":[{"count":1,"href":"https:\/\/dgospel.com.br\/portal\/index.php\/wp-json\/wp\/v2\/posts\/12403\/revisions"}],"predecessor-version":[{"id":12405,"href":"https:\/\/dgospel.com.br\/portal\/index.php\/wp-json\/wp\/v2\/posts\/12403\/revisions\/12405"}],"wp:featuredmedia":[{"embeddable":true,"href":"https:\/\/dgospel.com.br\/portal\/index.php\/wp-json\/wp\/v2\/media\/12404"}],"wp:attachment":[{"href":"https:\/\/dgospel.com.br\/portal\/index.php\/wp-json\/wp\/v2\/media?parent=12403"}],"wp:term":[{"taxonomy":"category","embeddable":true,"href":"https:\/\/dgospel.com.br\/portal\/index.php\/wp-json\/wp\/v2\/categories?post=12403"},{"taxonomy":"post_tag","embeddable":true,"href":"https:\/\/dgospel.com.br\/portal\/index.php\/wp-json\/wp\/v2\/tags?post=12403"}],"curies":[{"name":"wp","href":"https:\/\/api.w.org\/{rel}","templated":true}]}}